{"id":2992,"date":"2021-10-08T15:18:32","date_gmt":"2021-10-08T18:18:32","guid":{"rendered":"http:\/\/sinspeb.org.br\/?p=2992"},"modified":"2021-10-08T17:34:14","modified_gmt":"2021-10-08T20:34:14","slug":"projeto-policia-penal-cidada-9","status":"publish","type":"post","link":"https:\/\/sinspeb.org.br\/?p=2992","title":{"rendered":"PROJETO POL\u00cdCIA PENAL CIDAD\u00c3"},"content":{"rendered":"<div style=\"width: 568px;\" class=\"wp-video\"><!--[if lt IE 9]><script>document.createElement('video');<\/script><![endif]-->\n<video class=\"wp-video-shortcode\" id=\"video-2992-1\" width=\"568\" height=\"320\" preload=\"metadata\" controls=\"controls\"><source type=\"video\/mp4\" src=\"http:\/\/sinspeb.org.br\/wp-content\/uploads\/2021\/10\/Video_20211008140718022_by_VideoShow.mp4?_=1\" \/><a href=\"http:\/\/sinspeb.org.br\/wp-content\/uploads\/2021\/10\/Video_20211008140718022_by_VideoShow.mp4\">http:\/\/sinspeb.org.br\/wp-content\/uploads\/2021\/10\/Video_20211008140718022_by_VideoShow.mp4<\/a><\/video><\/div>\n<p>A Diretoria do SINSPPEB mobilizou os Policiais Penais, seus familiares e amigos para doarem sangue, plaquetas e medula \u00f3ssea.<\/p>\n<p>\ud83e\ude78Juntem-se a n\u00f3s nesse ato de amor e solidariedade!<\/p>\n<p>\ud83e\ude78 NO ATO DA DOA\u00c7\u00c3O INFORME O C\u00d3DIGO: 0187 (C\u00f3digo da parceria do SINSPPEB com o HEMOBA)!<\/p>\n<p><img fetchpriority=\"high\" decoding=\"async\" class=\"alignnone size-medium wp-image-2993\" src=\"http:\/\/sinspeb.org.br\/wp-content\/uploads\/2021\/10\/Projeto-Policia-Penal-Cidada-super2-300x222.png\" alt=\"\" width=\"300\" height=\"222\" srcset=\"https:\/\/sinspeb.org.br\/wp-content\/uploads\/2021\/10\/Projeto-Policia-Penal-Cidada-super2-300x222.png 300w, https:\/\/sinspeb.org.br\/wp-content\/uploads\/2021\/10\/Projeto-Policia-Penal-Cidada-super2-1024x758.png 1024w, https:\/\/sinspeb.org.br\/wp-content\/uploads\/2021\/10\/Projeto-Policia-Penal-Cidada-super2-768x568.png 768w, https:\/\/sinspeb.org.br\/wp-content\/uploads\/2021\/10\/Projeto-Policia-Penal-Cidada-super2.png 1497w\" sizes=\"(max-width: 300px) 100vw, 300px\" \/><\/p>\n<p>\ud83d\udea8 POL\u00cdCIA PENAL, APROVA\u00c7\u00c3O E REGULAMENTA\u00c7\u00c3O J\u00c1!<\/p>\n<p>\u2747\ufe0f Assistam ao v\u00eddeo acima!\u261d\ud83c\udffc<\/p>\n<p>ASCOM &#8211; SINSPPEB<\/p>\n","protected":false},"excerpt":{"rendered":"<p>A Diretoria do SINSPPEB mobilizou os Policiais Penais, seus familiares e amigos para doarem sangue, plaquetas e medula \u00f3ssea. \ud83e\ude78Juntem-se<\/p>\n","protected":false},"author":3,"featured_media":2997,"comment_status":"open","ping_status":"open","sticky":false,"template":"","format":"standard","meta":{"colormag_page_container_layout":"default_layout","colormag_page_sidebar_layout":"default_layout","footnotes":""},"categories":[45,1],"tags":[],"class_list":["post-2992","post","type-post","status-publish","format-standard","has-post-thumbnail","hentry","category-importante","category-noticias"],"_links":{"self":[{"href":"https:\/\/sinspeb.org.br\/index.php?rest_route=\/wp\/v2\/posts\/2992","targetHints":{"allow":["GET"]}}],"collection":[{"href":"https:\/\/sinspeb.org.br\/index.php?rest_route=\/wp\/v2\/posts"}],"about":[{"href":"https:\/\/sinspeb.org.br\/index.php?rest_route=\/wp\/v2\/types\/post"}],"author":[{"embeddable":true,"href":"https:\/\/sinspeb.org.br\/index.php?rest_route=\/wp\/v2\/users\/3"}],"replies":[{"embeddable":true,"href":"https:\/\/sinspeb.org.br\/index.php?rest_route=%2Fwp%2Fv2%2Fcomments&post=2992"}],"version-history":[{"count":4,"href":"https:\/\/sinspeb.org.br\/index.php?rest_route=\/wp\/v2\/posts\/2992\/revisions"}],"predecessor-version":[{"id":3000,"href":"https:\/\/sinspeb.org.br\/index.php?rest_route=\/wp\/v2\/posts\/2992\/revisions\/3000"}],"wp:featuredmedia":[{"embeddable":true,"href":"https:\/\/sinspeb.org.br\/index.php?rest_route=\/wp\/v2\/media\/2997"}],"wp:attachment":[{"href":"https:\/\/sinspeb.org.br\/index.php?rest_route=%2Fwp%2Fv2%2Fmedia&parent=2992"}],"wp:term":[{"taxonomy":"category","embeddable":true,"href":"https:\/\/sinspeb.org.br\/index.php?rest_route=%2Fwp%2Fv2%2Fcategories&post=2992"},{"taxonomy":"post_tag","embeddable":true,"href":"https:\/\/sinspeb.org.br\/index.php?rest_route=%2Fwp%2Fv2%2Ftags&post=2992"}],"curies":[{"name":"wp","href":"https:\/\/api.w.org\/{rel}","templated":true}]}}