{"id":3004,"date":"2021-10-15T19:21:07","date_gmt":"2021-10-15T22:21:07","guid":{"rendered":"http:\/\/sinspeb.org.br\/?p=3004"},"modified":"2021-10-15T19:21:07","modified_gmt":"2021-10-15T22:21:07","slug":"sinsppeb-reuniu-se-com-procuradora-geral-de-justica","status":"publish","type":"post","link":"https:\/\/sinspeb.org.br\/?p=3004","title":{"rendered":"SINSPPEB reuniu-se com Procuradora Geral de Justi\u00e7a"},"content":{"rendered":"<p><img fetchpriority=\"high\" decoding=\"async\" class=\"size-medium wp-image-3005 aligncenter\" src=\"http:\/\/sinspeb.org.br\/wp-content\/uploads\/2021\/10\/IMG-20211015-WA0044-300x225.jpg\" alt=\"\" width=\"300\" height=\"225\" srcset=\"https:\/\/sinspeb.org.br\/wp-content\/uploads\/2021\/10\/IMG-20211015-WA0044-300x225.jpg 300w, https:\/\/sinspeb.org.br\/wp-content\/uploads\/2021\/10\/IMG-20211015-WA0044-1024x768.jpg 1024w, https:\/\/sinspeb.org.br\/wp-content\/uploads\/2021\/10\/IMG-20211015-WA0044-768x576.jpg 768w, https:\/\/sinspeb.org.br\/wp-content\/uploads\/2021\/10\/IMG-20211015-WA0044.jpg 1152w\" sizes=\"(max-width: 300px) 100vw, 300px\" \/><\/p>\n<p style=\"text-align: center;\">Na manh\u00e3 de hoje (15\/10), o Sindicato do Servidores da Pol\u00edcia Penal do Estado da Bahia &#8211; SINSPPEB, representado pelo Presidente Reivon Pimentel, Vice-Presidente Fernando Fernandes e o Coordenador Jur\u00eddico Ramon Carvalhal, reuniu-se com a Exma. Sra. Procuradora-Geral de Justi\u00e7a &#8211; Dra. Norma Ang\u00e9lica, na sede do Minist\u00e9rio P\u00fablico Estadual (MPE), no Centro Administrativo (CAB).<\/p>\n<p style=\"text-align: center;\">Os Representantes do SINSPPEB pautaram o imbr\u00f3glio envolvendo a inclus\u00e3o da Pol\u00edcia Penal na Constitui\u00e7\u00e3o baiana, bem como o grave d\u00e9ficit de Policiais Penais nos estabelecimentos penais do Estado, entregando a Procuradora um apanhado da situa\u00e7\u00e3o da Pol\u00edcia Penal pelos Estados brasileiros, bem como os caminhos necess\u00e1rios a aprova\u00e7\u00e3o da PEC baiana.<\/p>\n<p style=\"text-align: center;\">Os dirigentes sindicais sa\u00edram da reuni\u00e3o com uma boa impress\u00e3o em raz\u00e3o do conhecimento aprofundado, por parte da PGJ, dos problemas existentes no sistema prisional baiano, em especial sobre a escassez de servidores.<\/p>\n<p style=\"text-align: center;\">Os Promotores de Justi\u00e7a Sr. Edmundo Reis e Sr. Luis Alberto estiveram presentes na reuni\u00e3o.<\/p>\n<p style=\"text-align: center;\">SSA, 15\/10\/2021.<br \/>\nAscom &#8211; SINSPPEB<\/p>\n","protected":false},"excerpt":{"rendered":"<p>Na manh\u00e3 de hoje (15\/10), o Sindicato do Servidores da Pol\u00edcia Penal do Estado da Bahia &#8211; SINSPPEB, representado pelo<\/p>\n","protected":false},"author":3,"featured_media":3005,"comment_status":"open","ping_status":"open","sticky":false,"template":"","format":"standard","meta":{"colormag_page_container_layout":"default_layout","colormag_page_sidebar_layout":"default_layout","footnotes":""},"categories":[45,1],"tags":[],"class_list":["post-3004","post","type-post","status-publish","format-standard","has-post-thumbnail","hentry","category-importante","category-noticias"],"_links":{"self":[{"href":"https:\/\/sinspeb.org.br\/index.php?rest_route=\/wp\/v2\/posts\/3004","targetHints":{"allow":["GET"]}}],"collection":[{"href":"https:\/\/sinspeb.org.br\/index.php?rest_route=\/wp\/v2\/posts"}],"about":[{"href":"https:\/\/sinspeb.org.br\/index.php?rest_route=\/wp\/v2\/types\/post"}],"author":[{"embeddable":true,"href":"https:\/\/sinspeb.org.br\/index.php?rest_route=\/wp\/v2\/users\/3"}],"replies":[{"embeddable":true,"href":"https:\/\/sinspeb.org.br\/index.php?rest_route=%2Fwp%2Fv2%2Fcomments&post=3004"}],"version-history":[{"count":5,"href":"https:\/\/sinspeb.org.br\/index.php?rest_route=\/wp\/v2\/posts\/3004\/revisions"}],"predecessor-version":[{"id":3010,"href":"https:\/\/sinspeb.org.br\/index.php?rest_route=\/wp\/v2\/posts\/3004\/revisions\/3010"}],"wp:featuredmedia":[{"embeddable":true,"href":"https:\/\/sinspeb.org.br\/index.php?rest_route=\/wp\/v2\/media\/3005"}],"wp:attachment":[{"href":"https:\/\/sinspeb.org.br\/index.php?rest_route=%2Fwp%2Fv2%2Fmedia&parent=3004"}],"wp:term":[{"taxonomy":"category","embeddable":true,"href":"https:\/\/sinspeb.org.br\/index.php?rest_route=%2Fwp%2Fv2%2Fcategories&post=3004"},{"taxonomy":"post_tag","embeddable":true,"href":"https:\/\/sinspeb.org.br\/index.php?rest_route=%2Fwp%2Fv2%2Ftags&post=3004"}],"curies":[{"name":"wp","href":"https:\/\/api.w.org\/{rel}","templated":true}]}}