{"id":3012,"date":"2021-10-16T22:59:52","date_gmt":"2021-10-17T01:59:52","guid":{"rendered":"http:\/\/sinspeb.org.br\/?p=3012"},"modified":"2021-10-16T22:59:52","modified_gmt":"2021-10-17T01:59:52","slug":"sinspeb-convocacao-para-assembleia-geral-ordinaria-formacao-da-comissao-eleitoral","status":"publish","type":"post","link":"https:\/\/sinspeb.org.br\/?p=3012","title":{"rendered":"SINSPEB &#8211; Convoca\u00e7\u00e3o para Assembleia Geral Ordin\u00e1ria &#8211; Forma\u00e7\u00e3o da Comiss\u00e3o Eleitoral"},"content":{"rendered":"<p><img fetchpriority=\"high\" decoding=\"async\" class=\"size-medium wp-image-3013 aligncenter\" src=\"http:\/\/sinspeb.org.br\/wp-content\/uploads\/2021\/10\/0001-10158530437_20211016_223355_0000-212x300.png\" alt=\"\" width=\"212\" height=\"300\" srcset=\"https:\/\/sinspeb.org.br\/wp-content\/uploads\/2021\/10\/0001-10158530437_20211016_223355_0000-212x300.png 212w, https:\/\/sinspeb.org.br\/wp-content\/uploads\/2021\/10\/0001-10158530437_20211016_223355_0000-724x1024.png 724w, https:\/\/sinspeb.org.br\/wp-content\/uploads\/2021\/10\/0001-10158530437_20211016_223355_0000-768x1086.png 768w, https:\/\/sinspeb.org.br\/wp-content\/uploads\/2021\/10\/0001-10158530437_20211016_223355_0000-1086x1536.png 1086w, https:\/\/sinspeb.org.br\/wp-content\/uploads\/2021\/10\/0001-10158530437_20211016_223355_0000-1448x2048.png 1448w, https:\/\/sinspeb.org.br\/wp-content\/uploads\/2021\/10\/0001-10158530437_20211016_223355_0000.png 1587w\" sizes=\"(max-width: 212px) 100vw, 212px\" \/><\/p>\n<p><strong>SINSPEB &#8211; Convoca\u00e7\u00e3o para Assembleia Geral Ordin\u00e1ria &#8211; Forma\u00e7\u00e3o da Comiss\u00e3o Eleitoral<\/strong><\/p>\n<p>O Presidente do Sindicato dos Servidores Penitenci\u00e1rios do Estado da Bahia (SINSPEB), Reivon Pimentel, no uso de suas atribui\u00e7\u00f5es estatut\u00e1rias, disposto no par\u00e1grafo primeiro do artigo 51, vem atrav\u00e9s deste Edital convocar a categoria a comparecerem, no dia 22 de Outubro de 2021 (sexta feira), \u00e1 Assembleia Geral Ordin\u00e1ria, a ser realizada no Audit\u00f3rio da Associa\u00e7\u00e3o dos Funcion\u00e1rios P\u00fablicos da Bahia, com primeira chamada \u00e0s 09hs, segunda e \u00faltima chamada \u00e0s 09:30hs.<\/p>\n<p>A participa\u00e7\u00e3o dos Associados \u00e9 de suma import\u00e2ncia, porque nessa ocasi\u00e3o ser\u00e1 discutido, apreciado e deliberado a seguinte pauta:<\/p>\n<p>\ud83d\udc49\ud83c\udffc Escolha da Comiss\u00e3o Eleitoral para realiza\u00e7\u00e3o do Processo Eleitoral para o quadri\u00eanio 2022 \u00e0 2026.<\/p>\n<p>A Comiss\u00e3o Eleitoral ser\u00e1 respons\u00e1vel, conforme Estatuto Social, pela coordena\u00e7\u00e3o e condu\u00e7\u00e3o de todo o processo eleitoral para o quadri\u00eanio 2022-2026.<\/p>\n<p>Participem! Fa\u00e7am valer seu direito de decidir o melhor caminho da nossa luta.<\/p>\n<p><img decoding=\"async\" class=\"size-medium wp-image-3014 aligncenter\" src=\"http:\/\/sinspeb.org.br\/wp-content\/uploads\/2021\/10\/IMG_20211016_224919-195x300.jpg\" alt=\"\" width=\"195\" height=\"300\" srcset=\"https:\/\/sinspeb.org.br\/wp-content\/uploads\/2021\/10\/IMG_20211016_224919-195x300.jpg 195w, https:\/\/sinspeb.org.br\/wp-content\/uploads\/2021\/10\/IMG_20211016_224919-665x1024.jpg 665w, https:\/\/sinspeb.org.br\/wp-content\/uploads\/2021\/10\/IMG_20211016_224919-768x1182.jpg 768w, https:\/\/sinspeb.org.br\/wp-content\/uploads\/2021\/10\/IMG_20211016_224919-998x1536.jpg 998w, https:\/\/sinspeb.org.br\/wp-content\/uploads\/2021\/10\/IMG_20211016_224919.jpg 1012w\" sizes=\"(max-width: 195px) 100vw, 195px\" \/> <img decoding=\"async\" class=\"size-medium wp-image-3015 aligncenter\" src=\"http:\/\/sinspeb.org.br\/wp-content\/uploads\/2021\/10\/IMG_20211016_224854-150x300.jpg\" alt=\"\" width=\"150\" height=\"300\" srcset=\"https:\/\/sinspeb.org.br\/wp-content\/uploads\/2021\/10\/IMG_20211016_224854-150x300.jpg 150w, https:\/\/sinspeb.org.br\/wp-content\/uploads\/2021\/10\/IMG_20211016_224854-512x1024.jpg 512w, https:\/\/sinspeb.org.br\/wp-content\/uploads\/2021\/10\/IMG_20211016_224854-768x1536.jpg 768w, https:\/\/sinspeb.org.br\/wp-content\/uploads\/2021\/10\/IMG_20211016_224854.jpg 1002w\" sizes=\"(max-width: 150px) 100vw, 150px\" \/><\/p>\n<p>&nbsp;<\/p>\n<p>SSA, 16\/10\/2021<br \/>\n<strong>Ascom &#8211; SINSPEB<\/strong><\/p>\n<p><strong>\u00a0<\/strong><\/p>\n<p><strong>\u00a0<\/strong><\/p>\n","protected":false},"excerpt":{"rendered":"<p>SINSPEB &#8211; Convoca\u00e7\u00e3o para Assembleia Geral Ordin\u00e1ria &#8211; Forma\u00e7\u00e3o da Comiss\u00e3o Eleitoral O Presidente do Sindicato dos Servidores Penitenci\u00e1rios do<\/p>\n","protected":false},"author":3,"featured_media":3013,"comment_status":"open","ping_status":"open","sticky":false,"template":"","format":"standard","meta":{"colormag_page_container_layout":"default_layout","colormag_page_sidebar_layout":"default_layout","footnotes":""},"categories":[45,1],"tags":[],"class_list":["post-3012","post","type-post","status-publish","format-standard","has-post-thumbnail","hentry","category-importante","category-noticias"],"_links":{"self":[{"href":"https:\/\/sinspeb.org.br\/index.php?rest_route=\/wp\/v2\/posts\/3012","targetHints":{"allow":["GET"]}}],"collection":[{"href":"https:\/\/sinspeb.org.br\/index.php?rest_route=\/wp\/v2\/posts"}],"about":[{"href":"https:\/\/sinspeb.org.br\/index.php?rest_route=\/wp\/v2\/types\/post"}],"author":[{"embeddable":true,"href":"https:\/\/sinspeb.org.br\/index.php?rest_route=\/wp\/v2\/users\/3"}],"replies":[{"embeddable":true,"href":"https:\/\/sinspeb.org.br\/index.php?rest_route=%2Fwp%2Fv2%2Fcomments&post=3012"}],"version-history":[{"count":3,"href":"https:\/\/sinspeb.org.br\/index.php?rest_route=\/wp\/v2\/posts\/3012\/revisions"}],"predecessor-version":[{"id":3018,"href":"https:\/\/sinspeb.org.br\/index.php?rest_route=\/wp\/v2\/posts\/3012\/revisions\/3018"}],"wp:featuredmedia":[{"embeddable":true,"href":"https:\/\/sinspeb.org.br\/index.php?rest_route=\/wp\/v2\/media\/3013"}],"wp:attachment":[{"href":"https:\/\/sinspeb.org.br\/index.php?rest_route=%2Fwp%2Fv2%2Fmedia&parent=3012"}],"wp:term":[{"taxonomy":"category","embeddable":true,"href":"https:\/\/sinspeb.org.br\/index.php?rest_route=%2Fwp%2Fv2%2Fcategories&post=3012"},{"taxonomy":"post_tag","embeddable":true,"href":"https:\/\/sinspeb.org.br\/index.php?rest_route=%2Fwp%2Fv2%2Ftags&post=3012"}],"curies":[{"name":"wp","href":"https:\/\/api.w.org\/{rel}","templated":true}]}}