{"id":3024,"date":"2021-10-25T23:02:44","date_gmt":"2021-10-26T02:02:44","guid":{"rendered":"http:\/\/sinspeb.org.br\/?p=3024"},"modified":"2021-10-25T23:02:44","modified_gmt":"2021-10-26T02:02:44","slug":"escola-penitenciaria-da-bahia-inicia-atividades-fins","status":"publish","type":"post","link":"https:\/\/sinspeb.org.br\/?p=3024","title":{"rendered":"Escola Penitenci\u00e1ria da Bahia inicia atividades fins"},"content":{"rendered":"<p style=\"padding-left: 40px;\">\n<p>O Presidente do Sindicato dos Servidores da Pol\u00edcia Penal do Estado da Bahia (SINSPPEB), vem a p\u00fablico manifestar satisfa\u00e7\u00e3o pelo in\u00edcio das atividades fins da Escola Penitenci\u00e1ria da Bahia e parabenizar o corpo de instrutores composto pelos Policiais Penais Emanuel Oliveira, Jeferson Pergentino, Rodrigo Portela, Jo\u00e3o Sim\u00f5es, Magnovaldo Arag\u00e3o, Talita Costa, Abra\u00e3o Souza, Gilson Ferreira, Elinalva Santos, Rosin\u00e9ia Lima e Rafael Carvalho.<\/p>\n<p>Na \u00faltima segunda feira (18\/10), iniciaram-se a instru\u00e7\u00e3o das turmas XVIII, XIV e XX do Curso de Rotinas e Procedimentos Penitenci\u00e1rios, onde o corpo de instrutores, composto exclusivamente por Policiais Penais, pode irrigar de conhecimento os mais de 60 (sessenta) policiais imersos nesta valorosa jornada de aprendizado.<\/p>\n<p>O SINSPPEB destaca ainda a acertada decis\u00e3o do Secret\u00e1rio de Administra\u00e7\u00e3o Penitenci\u00e1ria e Ressocializa\u00e7\u00e3o &#8211; Nestor Duarte de dar funcionalidade a Escola Penitenci\u00e1ria, equipamento hist\u00f3rico que sempre foi objeto de desejo da categoria.<\/p>\n<p>Classificada como das mais importantes metas do Sindicato, a cria\u00e7\u00e3o formal da Escola Penitenci\u00e1ria, equipamento fundamental para forma\u00e7\u00e3o dos Servidores Penitenci\u00e1rios e, consequentemente, sua valoriza\u00e7\u00e3o profissional, continuar\u00e1 sendo objeto de cobran\u00e7a \u00e0s autoridades para que tenhamos a escola criada legalmente, com sua estrutura administrativa e financeira capaz de atender plenamente o corpo de servidores e todos aquela que necessitem de capacita\u00e7\u00e3o t\u00e9cnica policial.<\/p>\n<p>Parab\u00e9ns, Policiais Penais!<\/p>\n<p>SSA, 25.10.2021<\/p>\n<p>Ascom &#8211; SINSPPEB<\/p>\n","protected":false},"excerpt":{"rendered":"<p>O Presidente do Sindicato dos Servidores da Pol\u00edcia Penal do Estado da Bahia (SINSPPEB), vem a p\u00fablico manifestar satisfa\u00e7\u00e3o pelo<\/p>\n","protected":false},"author":3,"featured_media":3025,"comment_status":"open","ping_status":"open","sticky":false,"template":"","format":"standard","meta":{"colormag_page_container_layout":"default_layout","colormag_page_sidebar_layout":"default_layout","footnotes":""},"categories":[45,1],"tags":[],"class_list":["post-3024","post","type-post","status-publish","format-standard","has-post-thumbnail","hentry","category-importante","category-noticias"],"_links":{"self":[{"href":"https:\/\/sinspeb.org.br\/index.php?rest_route=\/wp\/v2\/posts\/3024","targetHints":{"allow":["GET"]}}],"collection":[{"href":"https:\/\/sinspeb.org.br\/index.php?rest_route=\/wp\/v2\/posts"}],"about":[{"href":"https:\/\/sinspeb.org.br\/index.php?rest_route=\/wp\/v2\/types\/post"}],"author":[{"embeddable":true,"href":"https:\/\/sinspeb.org.br\/index.php?rest_route=\/wp\/v2\/users\/3"}],"replies":[{"embeddable":true,"href":"https:\/\/sinspeb.org.br\/index.php?rest_route=%2Fwp%2Fv2%2Fcomments&post=3024"}],"version-history":[{"count":2,"href":"https:\/\/sinspeb.org.br\/index.php?rest_route=\/wp\/v2\/posts\/3024\/revisions"}],"predecessor-version":[{"id":3027,"href":"https:\/\/sinspeb.org.br\/index.php?rest_route=\/wp\/v2\/posts\/3024\/revisions\/3027"}],"wp:featuredmedia":[{"embeddable":true,"href":"https:\/\/sinspeb.org.br\/index.php?rest_route=\/wp\/v2\/media\/3025"}],"wp:attachment":[{"href":"https:\/\/sinspeb.org.br\/index.php?rest_route=%2Fwp%2Fv2%2Fmedia&parent=3024"}],"wp:term":[{"taxonomy":"category","embeddable":true,"href":"https:\/\/sinspeb.org.br\/index.php?rest_route=%2Fwp%2Fv2%2Fcategories&post=3024"},{"taxonomy":"post_tag","embeddable":true,"href":"https:\/\/sinspeb.org.br\/index.php?rest_route=%2Fwp%2Fv2%2Ftags&post=3024"}],"curies":[{"name":"wp","href":"https:\/\/api.w.org\/{rel}","templated":true}]}}