{"id":3028,"date":"2021-10-26T18:45:52","date_gmt":"2021-10-26T21:45:52","guid":{"rendered":"http:\/\/sinspeb.org.br\/?p=3028"},"modified":"2021-10-26T18:45:52","modified_gmt":"2021-10-26T21:45:52","slug":"3028","status":"publish","type":"post","link":"https:\/\/sinspeb.org.br\/?p=3028","title":{"rendered":""},"content":{"rendered":"<p>Policiais Penais realizam Revista Geral e apreendem materiais il\u00edcitos no CPTF<\/p>\n<p>&nbsp;<\/p>\n<p>Na \u00faltima quarta feira (20.10), durante opera\u00e7\u00e3o de Revista Geral, denominada baculejo, nas celas do Pavilh\u00e3o B, do Conjunto Penal de Teixeira de Freitas (CPTF), diversos materiais il\u00edcitos foram apreendidos pelos Policiais Penais envolvidos na opera\u00e7\u00e3o.<\/p>\n<p>&nbsp;<\/p>\n<p>A miss\u00e3o da revista no Pavilh\u00e3o B, onde est\u00e3o custodiados 240 internos, visava a busca e apreens\u00e3o de materiais il\u00edcitos, proibidos e vistoria nas estruturas das celas.<\/p>\n<p>&nbsp;<\/p>\n<p>\u2705 Os materiais apreendidos foram:<\/p>\n<p>&nbsp;<\/p>\n<p>\ud83d\udea82,540g subst\u00e2ncia an\u00e1loga Maconha;<\/p>\n<p>\ud83d\udea849 pap\u00e9is subst\u00e2ncia an\u00e1loga LSD;<\/p>\n<p>\ud83d\udea803 frascos de medica\u00e7\u00f5es il\u00edcitas;<\/p>\n<p>\ud83d\udea847 aparelhos celulares;<\/p>\n<p>\ud83d\udea833 carregadores;<\/p>\n<p>\ud83d\udea807 chunchos;<\/p>\n<p>\ud83d\udea806 facas artesanais;<\/p>\n<p>\ud83d\udea809 facas federais;<\/p>\n<p>\ud83d\udea808 cadernos de anota\u00e7\u00f5es;<\/p>\n<p>\ud83d\udea8 40 fones de ouvido;<\/p>\n<p>\ud83d\udea802 balan\u00e7as artesanais;<\/p>\n<p>\ud83d\udea814 cabos USB;<\/p>\n<p>\ud83d\udea804 pen drives;<\/p>\n<p>\ud83d\udea8 Dentre outros materiais proibidos.<\/p>\n<p>&nbsp;<\/p>\n<p>Parabenizamos os Policiais Penais do CPTF que com bravura, responsabilidade, dedica\u00e7\u00e3o e ousadia executaram esta miss\u00e3o! \ud83d\udc4f\ud83c\udffc\ud83d\udc4f\ud83c\udffc\ud83d\udc4f\ud83c\udffc\ud83d\udc4f\ud83c\udffc\ud83d\udc4f\ud83c\udffc<\/p>\n<p>&nbsp;<\/p>\n<p>Participaram tamb\u00e9m desta opera\u00e7\u00e3o Policiais Militares do Batalh\u00e3o de Guarda (CIPG) e CIPE Mata Atl\u00e2ntica (CAEMA).<\/p>\n<p>&nbsp;<\/p>\n<p>Salvador, 26.10.2021<\/p>\n<p>ASCOM \u2013 SINSPPEB<\/p>\n","protected":false},"excerpt":{"rendered":"<p>Policiais Penais realizam Revista Geral e apreendem materiais il\u00edcitos no CPTF &nbsp; Na \u00faltima quarta feira (20.10), durante opera\u00e7\u00e3o de<\/p>\n","protected":false},"author":3,"featured_media":3029,"comment_status":"open","ping_status":"open","sticky":false,"template":"","format":"standard","meta":{"colormag_page_container_layout":"default_layout","colormag_page_sidebar_layout":"default_layout","footnotes":""},"categories":[45,1],"tags":[],"class_list":["post-3028","post","type-post","status-publish","format-standard","has-post-thumbnail","hentry","category-importante","category-noticias"],"_links":{"self":[{"href":"https:\/\/sinspeb.org.br\/index.php?rest_route=\/wp\/v2\/posts\/3028","targetHints":{"allow":["GET"]}}],"collection":[{"href":"https:\/\/sinspeb.org.br\/index.php?rest_route=\/wp\/v2\/posts"}],"about":[{"href":"https:\/\/sinspeb.org.br\/index.php?rest_route=\/wp\/v2\/types\/post"}],"author":[{"embeddable":true,"href":"https:\/\/sinspeb.org.br\/index.php?rest_route=\/wp\/v2\/users\/3"}],"replies":[{"embeddable":true,"href":"https:\/\/sinspeb.org.br\/index.php?rest_route=%2Fwp%2Fv2%2Fcomments&post=3028"}],"version-history":[{"count":1,"href":"https:\/\/sinspeb.org.br\/index.php?rest_route=\/wp\/v2\/posts\/3028\/revisions"}],"predecessor-version":[{"id":3030,"href":"https:\/\/sinspeb.org.br\/index.php?rest_route=\/wp\/v2\/posts\/3028\/revisions\/3030"}],"wp:featuredmedia":[{"embeddable":true,"href":"https:\/\/sinspeb.org.br\/index.php?rest_route=\/wp\/v2\/media\/3029"}],"wp:attachment":[{"href":"https:\/\/sinspeb.org.br\/index.php?rest_route=%2Fwp%2Fv2%2Fmedia&parent=3028"}],"wp:term":[{"taxonomy":"category","embeddable":true,"href":"https:\/\/sinspeb.org.br\/index.php?rest_route=%2Fwp%2Fv2%2Fcategories&post=3028"},{"taxonomy":"post_tag","embeddable":true,"href":"https:\/\/sinspeb.org.br\/index.php?rest_route=%2Fwp%2Fv2%2Ftags&post=3028"}],"curies":[{"name":"wp","href":"https:\/\/api.w.org\/{rel}","templated":true}]}}