{"id":3031,"date":"2021-10-29T18:07:08","date_gmt":"2021-10-29T21:07:08","guid":{"rendered":"http:\/\/sinspeb.org.br\/?p=3031"},"modified":"2021-10-29T18:07:08","modified_gmt":"2021-10-29T21:07:08","slug":"comissao-eleitoral-convoca-categoria-para-eleicoes-por-aclamacao","status":"publish","type":"post","link":"https:\/\/sinspeb.org.br\/?p=3031","title":{"rendered":"Comiss\u00e3o Eleitoral convoca categoria para elei\u00e7\u00f5es por aclama\u00e7\u00e3o"},"content":{"rendered":"<p style=\"padding-left: 40px;\"><img fetchpriority=\"high\" decoding=\"async\" class=\"size-medium wp-image-3032 aligncenter\" src=\"http:\/\/sinspeb.org.br\/wp-content\/uploads\/2021\/10\/IMG-20211029-WA0056-212x300.jpg\" alt=\"\" width=\"212\" height=\"300\" srcset=\"https:\/\/sinspeb.org.br\/wp-content\/uploads\/2021\/10\/IMG-20211029-WA0056-212x300.jpg 212w, https:\/\/sinspeb.org.br\/wp-content\/uploads\/2021\/10\/IMG-20211029-WA0056-724x1024.jpg 724w, https:\/\/sinspeb.org.br\/wp-content\/uploads\/2021\/10\/IMG-20211029-WA0056-768x1086.jpg 768w, https:\/\/sinspeb.org.br\/wp-content\/uploads\/2021\/10\/IMG-20211029-WA0056.jpg 905w\" sizes=\"(max-width: 212px) 100vw, 212px\" \/><\/p>\n<p>O Presidente da Comiss\u00e3o Eleitoral S\u00e1tiro J\u00fanior, do Sindicato dos Servidores Penitenci\u00e1rios do Estado da Bahia &#8211; SINSPEB, comunica que, em raz\u00e3o de ter ocorrido apenas a inscri\u00e7\u00e3o de \u00fanica chapa apta a concorrer ao pleito eleitoral, nos termos do artigo 53 do Estatuto, a elei\u00e7\u00e3o se dar\u00e1 por <strong>aclama\u00e7\u00e3o<\/strong>.<\/p>\n<p>Dessa forma, convocamos todos os associados para as Elei\u00e7\u00f5es por Aclama\u00e7\u00e3o da Diretoria Geral e Executiva, para o quadri\u00eanio 2022-2026, a ser realizada no dia 26 de Novembro do corrente ano, \u00e0s 09 horas em primeira chamada e \u00e0s 09h30min em segunda e \u00faltima chamada, no Audit\u00f3rio da Associa\u00e7\u00e3o dos Funcion\u00e1rios P\u00fablicos do Estado da Bahia, localizado na Rua Carlos Gomes, 95 &#8211; Centro &#8211; Salvador\/Ba.<\/p>\n<p>&nbsp;<\/p>\n<p>Comiss\u00e3o Eleitoral &#8211; SINSPEB<\/p>\n","protected":false},"excerpt":{"rendered":"<p>O Presidente da Comiss\u00e3o Eleitoral S\u00e1tiro J\u00fanior, do Sindicato dos Servidores Penitenci\u00e1rios do Estado da Bahia &#8211; SINSPEB, comunica que,<\/p>\n","protected":false},"author":3,"featured_media":3032,"comment_status":"open","ping_status":"open","sticky":false,"template":"","format":"standard","meta":{"colormag_page_container_layout":"default_layout","colormag_page_sidebar_layout":"default_layout","footnotes":""},"categories":[45,1],"tags":[],"class_list":["post-3031","post","type-post","status-publish","format-standard","has-post-thumbnail","hentry","category-importante","category-noticias"],"_links":{"self":[{"href":"https:\/\/sinspeb.org.br\/index.php?rest_route=\/wp\/v2\/posts\/3031","targetHints":{"allow":["GET"]}}],"collection":[{"href":"https:\/\/sinspeb.org.br\/index.php?rest_route=\/wp\/v2\/posts"}],"about":[{"href":"https:\/\/sinspeb.org.br\/index.php?rest_route=\/wp\/v2\/types\/post"}],"author":[{"embeddable":true,"href":"https:\/\/sinspeb.org.br\/index.php?rest_route=\/wp\/v2\/users\/3"}],"replies":[{"embeddable":true,"href":"https:\/\/sinspeb.org.br\/index.php?rest_route=%2Fwp%2Fv2%2Fcomments&post=3031"}],"version-history":[{"count":2,"href":"https:\/\/sinspeb.org.br\/index.php?rest_route=\/wp\/v2\/posts\/3031\/revisions"}],"predecessor-version":[{"id":3034,"href":"https:\/\/sinspeb.org.br\/index.php?rest_route=\/wp\/v2\/posts\/3031\/revisions\/3034"}],"wp:featuredmedia":[{"embeddable":true,"href":"https:\/\/sinspeb.org.br\/index.php?rest_route=\/wp\/v2\/media\/3032"}],"wp:attachment":[{"href":"https:\/\/sinspeb.org.br\/index.php?rest_route=%2Fwp%2Fv2%2Fmedia&parent=3031"}],"wp:term":[{"taxonomy":"category","embeddable":true,"href":"https:\/\/sinspeb.org.br\/index.php?rest_route=%2Fwp%2Fv2%2Fcategories&post=3031"},{"taxonomy":"post_tag","embeddable":true,"href":"https:\/\/sinspeb.org.br\/index.php?rest_route=%2Fwp%2Fv2%2Ftags&post=3031"}],"curies":[{"name":"wp","href":"https:\/\/api.w.org\/{rel}","templated":true}]}}