{"id":3035,"date":"2021-10-31T09:00:16","date_gmt":"2021-10-31T12:00:16","guid":{"rendered":"http:\/\/sinspeb.org.br\/?p=3035"},"modified":"2021-10-31T09:00:16","modified_gmt":"2021-10-31T12:00:16","slug":"show-de-sine-calmon-na-penitenciaria-lemos-brito-e-cancelado","status":"publish","type":"post","link":"https:\/\/sinspeb.org.br\/?p=3035","title":{"rendered":"Show de Sine Calmon na Penitenci\u00e1ria Lemos Brito \u00e9 cancelado"},"content":{"rendered":"<p>Insatisfa\u00e7\u00e3o e Indigna\u00e7\u00e3o por parte da categoria dos Servidores Penitenci\u00e1rios e repercuss\u00e3o negativa na m\u00eddia faz SEAP recuar e cancelar evento em Penitenci\u00e1ria.<\/p>\n<p>&nbsp;<\/p>\n<p>O Projeto Ressocializa\u00e7\u00e3o Arte &amp; Cultura promoveria no s\u00e1bado (30\/10), show do cantor Sine Calmon, na Penitenci\u00e1ria Lemos Brito, localizada no Complexo Penitenci\u00e1rio de Salvador, evento esse totalmente DESARRAZOADO, pois n\u00e3o contribuiria em nada para o processo de ressocializa\u00e7\u00e3o dos apenados, visto ser esse um dos objetivos do cumprimento de pena de segrega\u00e7\u00e3o social, sendo um gasto desnecess\u00e1rio para os cofres p\u00fablicos e desprendimento de energia que poderia ser canalizada para projetos comprovadamente ressocializadores.<\/p>\n<p>&nbsp;<\/p>\n<p>Neste momento pand\u00eamico, a Secretaria de Administra\u00e7\u00e3o e Ressocializa\u00e7\u00e3o Penitenci\u00e1ria (SEAP), patrocinar um show, mesmo em movimento confinado, \u00e9 fazer pouco caso dos protocolos da Organiza\u00e7\u00e3o Mundial da Sa\u00fade (OMS), Minist\u00e9rio da Sa\u00fade e da pr\u00f3pria Secretaria da Sa\u00fade (SESAB), sendo assim, totalmente DESCABIDO para o momento.<\/p>\n<p>&nbsp;<\/p>\n<p>O an\u00fancio do show, com artista de renome, as v\u00e9speras do dia do Servidor P\u00fablico, quando a SEAP n\u00e3o preparou nenhum evento em homenagem aos profissionais honrados, honestos e cumpridores com seus deveres para com a sociedade \u00e9 totalmente DESRESPEITOSO.<\/p>\n<p>&nbsp;<\/p>\n<p>O Presidente Reivon Pimentel, do Sindicato dos Servidores da Pol\u00edcia Penal do Estado da Bahia &#8211; SINSPPEB, considera que SEAP al\u00e9m de cancelar o evento, deveria se retratar publicamente, em respeito \u00e0s Servidoras e Servidores Penitenci\u00e1rios do Estado da Bahia, estes pais e m\u00e3es de fam\u00edlias, que dedicaram e dedicam suas vidas a servir \u00e0 sociedade.<\/p>\n<p>&nbsp;<\/p>\n<p>SSA, 31.10.2021<\/p>\n<p>Ascom &#8211; SINSPPEB<\/p>\n","protected":false},"excerpt":{"rendered":"<p>Insatisfa\u00e7\u00e3o e Indigna\u00e7\u00e3o por parte da categoria dos Servidores Penitenci\u00e1rios e repercuss\u00e3o negativa na m\u00eddia faz SEAP recuar e cancelar<\/p>\n","protected":false},"author":3,"featured_media":3037,"comment_status":"open","ping_status":"open","sticky":false,"template":"","format":"standard","meta":{"colormag_page_container_layout":"default_layout","colormag_page_sidebar_layout":"default_layout","footnotes":""},"categories":[45,1],"tags":[],"class_list":["post-3035","post","type-post","status-publish","format-standard","has-post-thumbnail","hentry","category-importante","category-noticias"],"_links":{"self":[{"href":"https:\/\/sinspeb.org.br\/index.php?rest_route=\/wp\/v2\/posts\/3035","targetHints":{"allow":["GET"]}}],"collection":[{"href":"https:\/\/sinspeb.org.br\/index.php?rest_route=\/wp\/v2\/posts"}],"about":[{"href":"https:\/\/sinspeb.org.br\/index.php?rest_route=\/wp\/v2\/types\/post"}],"author":[{"embeddable":true,"href":"https:\/\/sinspeb.org.br\/index.php?rest_route=\/wp\/v2\/users\/3"}],"replies":[{"embeddable":true,"href":"https:\/\/sinspeb.org.br\/index.php?rest_route=%2Fwp%2Fv2%2Fcomments&post=3035"}],"version-history":[{"count":1,"href":"https:\/\/sinspeb.org.br\/index.php?rest_route=\/wp\/v2\/posts\/3035\/revisions"}],"predecessor-version":[{"id":3038,"href":"https:\/\/sinspeb.org.br\/index.php?rest_route=\/wp\/v2\/posts\/3035\/revisions\/3038"}],"wp:featuredmedia":[{"embeddable":true,"href":"https:\/\/sinspeb.org.br\/index.php?rest_route=\/wp\/v2\/media\/3037"}],"wp:attachment":[{"href":"https:\/\/sinspeb.org.br\/index.php?rest_route=%2Fwp%2Fv2%2Fmedia&parent=3035"}],"wp:term":[{"taxonomy":"category","embeddable":true,"href":"https:\/\/sinspeb.org.br\/index.php?rest_route=%2Fwp%2Fv2%2Fcategories&post=3035"},{"taxonomy":"post_tag","embeddable":true,"href":"https:\/\/sinspeb.org.br\/index.php?rest_route=%2Fwp%2Fv2%2Ftags&post=3035"}],"curies":[{"name":"wp","href":"https:\/\/api.w.org\/{rel}","templated":true}]}}