{"id":3041,"date":"2021-11-12T18:06:24","date_gmt":"2021-11-12T21:06:24","guid":{"rendered":"http:\/\/sinspeb.org.br\/?p=3041"},"modified":"2021-11-12T18:09:04","modified_gmt":"2021-11-12T21:09:04","slug":"scanner-corporal-e-removido-do-presidio-salvador","status":"publish","type":"post","link":"https:\/\/sinspeb.org.br\/?p=3041","title":{"rendered":"Scanner Corporal \u00e9 removido do Pres\u00eddio Salvador"},"content":{"rendered":"<p>O Sindicato dos Servidores da Pol\u00edcia Penal por meio do seu Presidente Reivon Pimentel, vem manifestar rep\u00fadio pela retirada dos equipamentos BodyScan, esc\u00e2ner corporal, do pr\u00e9dio principal e do anexo do Pres\u00eddio de Salvador, por prepostos da empresa VMI Sistemas de Seguran\u00e7a LTDA, por determina\u00e7\u00e3o do Diretor de Seguran\u00e7a Prisional da Secretaria de Administra\u00e7\u00e3o Penitenci\u00e1ria e Ressocializa\u00e7\u00e3o &#8211; SEAP, sendo que os demais aparelhos, sob loca\u00e7\u00e3o, tamb\u00e9m ser\u00e3o removidos das demais unidades prisionais.<\/p>\n<div style=\"width: 640px;\" class=\"wp-video\"><!--[if lt IE 9]><script>document.createElement('video');<\/script><![endif]-->\n<video class=\"wp-video-shortcode\" id=\"video-3041-1\" width=\"640\" height=\"352\" preload=\"metadata\" controls=\"controls\"><source type=\"video\/mp4\" src=\"http:\/\/sinspeb.org.br\/wp-content\/uploads\/2021\/11\/VID-20211111-WA0034.mp4?_=1\" \/><a href=\"http:\/\/sinspeb.org.br\/wp-content\/uploads\/2021\/11\/VID-20211111-WA0034.mp4\">http:\/\/sinspeb.org.br\/wp-content\/uploads\/2021\/11\/VID-20211111-WA0034.mp4<\/a><\/video><\/div>\n<p>Hoje, no Estado da Bahia, s\u00e3o onze aparelhos locados, distribu\u00eddos nas respectivas unidades: Cadeia P\u00fablica de Salvador (01), Pres\u00eddio de Salvador (02), Conjunto Penal de Feira de Santana (01), Col\u00f4nia Penal de Sim\u00f5es Filho (01), Penitenci\u00e1ria Lemos Brito (02), Conjunto Penal Advogado Nilton Gon\u00e7alves (01), Conjunto Penal de Teixeira de Freitas (01), Conjunto Penal de Paulo Afonso (01) e Pres\u00eddio Regional Advogado Ariston Cardoso (01), atrav\u00e9s do Contrato 032\/SEAP\/2018, que trata da loca\u00e7\u00e3o de Scanner Corporal com a Empresa VMI Sistemas de Seguran\u00e7a LTDA.<\/p>\n<p><img fetchpriority=\"high\" decoding=\"async\" class=\"aligncenter\" src=\"http:\/\/sinspeb.org.br\/wp-content\/uploads\/2021\/11\/IMG_20211112_180219-249x300.jpg\" alt=\"\" width=\"249\" height=\"300\" \/><\/p>\n<p>O contrato era mantido com recursos repassados ao Governo do Estado, por meio do Fundo Penitenci\u00e1rio Nacional (FUNPEN). Devido a suspens\u00e3o das visitas em mar\u00e7o de 2020, os pagamentos do contrato foram suspensos, conforme estabelece a Lei de Licita\u00e7\u00f5es em decorr\u00eancia do estado de calamidade p\u00fablica proveniente da pandemia do COVID-19, logo, os equipamentos n\u00e3o poderiam ser operados pelos servidores. Com o retorno das visita\u00e7\u00f5es no final de outubro, ainda que em car\u00e1ter reduzido, a Secretaria de Administra\u00e7\u00e3o Penitenci\u00e1ria e Ressocializa\u00e7\u00e3o do Estado da Bahia-SEAP\/BA, ao inv\u00e9s de restabelecer o pagamento a partir do retorno das visita\u00e7\u00f5es, pagou por todos os meses, a partir do m\u00eas de abril de 2020, um montante de R$1.190.337,78 (Um milh\u00e3o, cento e noventa mil, trezentos e trinta e sete reais e setenta e oito centavos).<\/p>\n<p>A Gest\u00e3o UFC reitera seu mais extremado rep\u00fadio a qualquer forma de decl\u00ednio da seguran\u00e7a, pois a remo\u00e7\u00e3o dos BodyScan representa um grande retrocesso do processo de revista dos visitantes nas unidades prisionais, pois com a chegada dos aparelhos foi poss\u00edvel eliminar as revistas vexat\u00f3rias, iniciarmos um m\u00e9todo humanizado e aumentamos a seguran\u00e7a com a coibi\u00e7\u00e3o da entrada de materiais il\u00edcitos.<br \/>\nParafraseando o c\u00e9lebre frasista baiano, Oct\u00e1vio Mangabeira, &#8220;pense num absurdo, na Bahia tem precedente&#8221;.<br \/>\nEnquanto nos demais Estados brasileiros, o sistema prisional evolui com o investimento em tecnologia em seguran\u00e7a (sistema de monitoramento por c\u00e2mera, sistema de bloqueio de telefonia m\u00f3vel e BodyScan) e com a inclus\u00e3o da Pol\u00edcia Penal em seus textos constitucionais, na Bahia o processo \u00e9 de involu\u00e7\u00e3o, pelo sucateamento das suas unidades prisionais e resist\u00eancia em instituir a Pol\u00edcia Penal baiana.<\/p>\n<p>\ud83d\udca1 Reflex\u00e3o &#8211; A quem interessa o sucateamento do Sistema Prisional da Bahia? \ud83e\udd14\ud83e\udd14<\/p>\n<p><img decoding=\"async\" class=\"size-medium wp-image-3045 alignleft\" src=\"http:\/\/sinspeb.org.br\/wp-content\/uploads\/2021\/11\/IMG-20211112-WA0036-225x300.jpg\" alt=\"\" width=\"225\" height=\"300\" srcset=\"https:\/\/sinspeb.org.br\/wp-content\/uploads\/2021\/11\/IMG-20211112-WA0036-225x300.jpg 225w, https:\/\/sinspeb.org.br\/wp-content\/uploads\/2021\/11\/IMG-20211112-WA0036-768x1024.jpg 768w, https:\/\/sinspeb.org.br\/wp-content\/uploads\/2021\/11\/IMG-20211112-WA0036.jpg 960w\" sizes=\"(max-width: 225px) 100vw, 225px\" \/> <img decoding=\"async\" class=\"alignnone size-medium wp-image-3046\" src=\"http:\/\/sinspeb.org.br\/wp-content\/uploads\/2021\/11\/IMG-20211112-WA0034-300x225.jpg\" alt=\"\" width=\"300\" height=\"225\" srcset=\"https:\/\/sinspeb.org.br\/wp-content\/uploads\/2021\/11\/IMG-20211112-WA0034-300x225.jpg 300w, https:\/\/sinspeb.org.br\/wp-content\/uploads\/2021\/11\/IMG-20211112-WA0034-1024x768.jpg 1024w, https:\/\/sinspeb.org.br\/wp-content\/uploads\/2021\/11\/IMG-20211112-WA0034-768x576.jpg 768w, https:\/\/sinspeb.org.br\/wp-content\/uploads\/2021\/11\/IMG-20211112-WA0034.jpg 1280w\" sizes=\"(max-width: 300px) 100vw, 300px\" \/> <img loading=\"lazy\" decoding=\"async\" class=\"alignnone size-medium wp-image-3047\" src=\"http:\/\/sinspeb.org.br\/wp-content\/uploads\/2021\/11\/IMG-20211112-WA0037-225x300.jpg\" alt=\"\" width=\"225\" height=\"300\" srcset=\"https:\/\/sinspeb.org.br\/wp-content\/uploads\/2021\/11\/IMG-20211112-WA0037-225x300.jpg 225w, https:\/\/sinspeb.org.br\/wp-content\/uploads\/2021\/11\/IMG-20211112-WA0037-768x1024.jpg 768w, https:\/\/sinspeb.org.br\/wp-content\/uploads\/2021\/11\/IMG-20211112-WA0037.jpg 960w\" sizes=\"(max-width: 225px) 100vw, 225px\" \/> <img loading=\"lazy\" decoding=\"async\" class=\"alignnone size-medium wp-image-3048\" src=\"http:\/\/sinspeb.org.br\/wp-content\/uploads\/2021\/11\/IMG-20211112-WA0038-225x300.jpg\" alt=\"\" width=\"225\" height=\"300\" srcset=\"https:\/\/sinspeb.org.br\/wp-content\/uploads\/2021\/11\/IMG-20211112-WA0038-225x300.jpg 225w, https:\/\/sinspeb.org.br\/wp-content\/uploads\/2021\/11\/IMG-20211112-WA0038-768x1024.jpg 768w, https:\/\/sinspeb.org.br\/wp-content\/uploads\/2021\/11\/IMG-20211112-WA0038.jpg 960w\" sizes=\"(max-width: 225px) 100vw, 225px\" \/> <img loading=\"lazy\" decoding=\"async\" class=\"alignnone size-medium wp-image-3049\" src=\"http:\/\/sinspeb.org.br\/wp-content\/uploads\/2021\/11\/IMG-20211112-WA0039-225x300.jpg\" alt=\"\" width=\"225\" height=\"300\" srcset=\"https:\/\/sinspeb.org.br\/wp-content\/uploads\/2021\/11\/IMG-20211112-WA0039-225x300.jpg 225w, https:\/\/sinspeb.org.br\/wp-content\/uploads\/2021\/11\/IMG-20211112-WA0039-768x1024.jpg 768w, https:\/\/sinspeb.org.br\/wp-content\/uploads\/2021\/11\/IMG-20211112-WA0039.jpg 960w\" sizes=\"(max-width: 225px) 100vw, 225px\" \/> <img loading=\"lazy\" decoding=\"async\" class=\"alignnone size-medium wp-image-3050\" src=\"http:\/\/sinspeb.org.br\/wp-content\/uploads\/2021\/11\/IMG-20211112-WA0040-225x300.jpg\" alt=\"\" width=\"225\" height=\"300\" srcset=\"https:\/\/sinspeb.org.br\/wp-content\/uploads\/2021\/11\/IMG-20211112-WA0040-225x300.jpg 225w, https:\/\/sinspeb.org.br\/wp-content\/uploads\/2021\/11\/IMG-20211112-WA0040-768x1024.jpg 768w, https:\/\/sinspeb.org.br\/wp-content\/uploads\/2021\/11\/IMG-20211112-WA0040.jpg 960w\" sizes=\"(max-width: 225px) 100vw, 225px\" \/> <img loading=\"lazy\" decoding=\"async\" class=\"alignnone size-medium wp-image-3051\" src=\"http:\/\/sinspeb.org.br\/wp-content\/uploads\/2021\/11\/IMG-20211112-WA0041-225x300.jpg\" alt=\"\" width=\"225\" height=\"300\" srcset=\"https:\/\/sinspeb.org.br\/wp-content\/uploads\/2021\/11\/IMG-20211112-WA0041-225x300.jpg 225w, https:\/\/sinspeb.org.br\/wp-content\/uploads\/2021\/11\/IMG-20211112-WA0041-768x1024.jpg 768w, https:\/\/sinspeb.org.br\/wp-content\/uploads\/2021\/11\/IMG-20211112-WA0041.jpg 960w\" sizes=\"(max-width: 225px) 100vw, 225px\" \/><\/p>\n<p>&nbsp;<\/p>\n<p style=\"padding-left: 40px;\">Ascom &#8211; SINSPPEB<\/p>\n<p style=\"padding-left: 40px;\">\n","protected":false},"excerpt":{"rendered":"<p>O Sindicato dos Servidores da Pol\u00edcia Penal por meio do seu Presidente Reivon Pimentel, vem manifestar rep\u00fadio pela retirada dos<\/p>\n","protected":false},"author":3,"featured_media":3043,"comment_status":"open","ping_status":"open","sticky":false,"template":"","format":"standard","meta":{"colormag_page_container_layout":"default_layout","colormag_page_sidebar_layout":"default_layout","footnotes":""},"categories":[45,1],"tags":[],"class_list":["post-3041","post","type-post","status-publish","format-standard","has-post-thumbnail","hentry","category-importante","category-noticias"],"_links":{"self":[{"href":"https:\/\/sinspeb.org.br\/index.php?rest_route=\/wp\/v2\/posts\/3041","targetHints":{"allow":["GET"]}}],"collection":[{"href":"https:\/\/sinspeb.org.br\/index.php?rest_route=\/wp\/v2\/posts"}],"about":[{"href":"https:\/\/sinspeb.org.br\/index.php?rest_route=\/wp\/v2\/types\/post"}],"author":[{"embeddable":true,"href":"https:\/\/sinspeb.org.br\/index.php?rest_route=\/wp\/v2\/users\/3"}],"replies":[{"embeddable":true,"href":"https:\/\/sinspeb.org.br\/index.php?rest_route=%2Fwp%2Fv2%2Fcomments&post=3041"}],"version-history":[{"count":2,"href":"https:\/\/sinspeb.org.br\/index.php?rest_route=\/wp\/v2\/posts\/3041\/revisions"}],"predecessor-version":[{"id":3053,"href":"https:\/\/sinspeb.org.br\/index.php?rest_route=\/wp\/v2\/posts\/3041\/revisions\/3053"}],"wp:featuredmedia":[{"embeddable":true,"href":"https:\/\/sinspeb.org.br\/index.php?rest_route=\/wp\/v2\/media\/3043"}],"wp:attachment":[{"href":"https:\/\/sinspeb.org.br\/index.php?rest_route=%2Fwp%2Fv2%2Fmedia&parent=3041"}],"wp:term":[{"taxonomy":"category","embeddable":true,"href":"https:\/\/sinspeb.org.br\/index.php?rest_route=%2Fwp%2Fv2%2Fcategories&post=3041"},{"taxonomy":"post_tag","embeddable":true,"href":"https:\/\/sinspeb.org.br\/index.php?rest_route=%2Fwp%2Fv2%2Ftags&post=3041"}],"curies":[{"name":"wp","href":"https:\/\/api.w.org\/{rel}","templated":true}]}}