{"id":3055,"date":"2021-12-05T15:22:00","date_gmt":"2021-12-05T18:22:00","guid":{"rendered":"http:\/\/sinspeb.org.br\/?p=3055"},"modified":"2021-12-05T15:22:00","modified_gmt":"2021-12-05T18:22:00","slug":"eleicoes-diretoria-executiva-e-geral-do-sinspeb-2021","status":"publish","type":"post","link":"https:\/\/sinspeb.org.br\/?p=3055","title":{"rendered":"Elei\u00e7\u00f5es Diretoria Executiva e Geral do SINSPEB 2021"},"content":{"rendered":"<p><strong>Elei\u00e7\u00f5es do SINSPEB 2021<\/strong><\/p>\n<p>O Sindicato dos Servidores Penitenci\u00e1rios do Estado da Bahia &#8211; SINSPEB, realizou as elei\u00e7\u00f5es para a nova Diretoria Executiva e Geral, no audit\u00f3rio da Associa\u00e7\u00e3o dos Funcion\u00e1rios P\u00fablicos do Estado da Bahia, no dia 26 de novembro de 2021.<\/p>\n<div style=\"width: 800px;\" class=\"wp-video\"><!--[if lt IE 9]><script>document.createElement('video');<\/script><![endif]-->\n<video class=\"wp-video-shortcode\" id=\"video-3055-1\" width=\"800\" height=\"450\" preload=\"metadata\" controls=\"controls\"><source type=\"video\/mp4\" src=\"http:\/\/sinspeb.org.br\/wp-content\/uploads\/2021\/12\/Eleicoes-2021.2.mp4?_=1\" \/><a href=\"http:\/\/sinspeb.org.br\/wp-content\/uploads\/2021\/12\/Eleicoes-2021.2.mp4\">http:\/\/sinspeb.org.br\/wp-content\/uploads\/2021\/12\/Eleicoes-2021.2.mp4<\/a><\/video><\/div>\n<p>&nbsp;<\/p>\n<p>Ap\u00f3s a segunda-chamada da assembleia, o Presidente da Comiss\u00e3o Eleitoral, S\u00e1tiro J\u00fanior, que comp\u00f4s a mesa, tamb\u00e9m formada pelos membros da Comiss\u00e3o os Policiais Penais Everaldo Carvalho e Eduardo Souza, e pelo advogado Carlos Quadros, do escrit\u00f3rio de Advocacia do Sindicato, deu in\u00edcio aos trabalhos, esclarecendo sobre as regras, legitimidade e legalidade da assembleia.<\/p>\n<p>Cumprindo o rito da assembleia, conforme estabelecido em edital amplamente divulgado, foi realizada a vota\u00e7\u00e3o por aclama\u00e7\u00e3o, sendo \u00fanica chapa inscrita para o pleito, denominada Chapa 1 \u2013 Uni\u00e3o, For\u00e7a e Conquistas, eleita por unanimidade.<\/p>\n<p>A Chapa 1- UFC, que representa grande parte da atual diretoria, foi eleita para coordenar o sindicato pelos pr\u00f3ximos quarto anos (2022-2026).<\/p>\n<p>Ascom &#8211; SINSPEB<\/p>\n","protected":false},"excerpt":{"rendered":"<p>Elei\u00e7\u00f5es do SINSPEB 2021 O Sindicato dos Servidores Penitenci\u00e1rios do Estado da Bahia &#8211; SINSPEB, realizou as elei\u00e7\u00f5es para a<\/p>\n","protected":false},"author":3,"featured_media":0,"comment_status":"open","ping_status":"open","sticky":false,"template":"","format":"standard","meta":{"colormag_page_container_layout":"default_layout","colormag_page_sidebar_layout":"default_layout","footnotes":""},"categories":[1],"tags":[],"class_list":["post-3055","post","type-post","status-publish","format-standard","hentry","category-noticias"],"_links":{"self":[{"href":"https:\/\/sinspeb.org.br\/index.php?rest_route=\/wp\/v2\/posts\/3055","targetHints":{"allow":["GET"]}}],"collection":[{"href":"https:\/\/sinspeb.org.br\/index.php?rest_route=\/wp\/v2\/posts"}],"about":[{"href":"https:\/\/sinspeb.org.br\/index.php?rest_route=\/wp\/v2\/types\/post"}],"author":[{"embeddable":true,"href":"https:\/\/sinspeb.org.br\/index.php?rest_route=\/wp\/v2\/users\/3"}],"replies":[{"embeddable":true,"href":"https:\/\/sinspeb.org.br\/index.php?rest_route=%2Fwp%2Fv2%2Fcomments&post=3055"}],"version-history":[{"count":1,"href":"https:\/\/sinspeb.org.br\/index.php?rest_route=\/wp\/v2\/posts\/3055\/revisions"}],"predecessor-version":[{"id":3057,"href":"https:\/\/sinspeb.org.br\/index.php?rest_route=\/wp\/v2\/posts\/3055\/revisions\/3057"}],"wp:attachment":[{"href":"https:\/\/sinspeb.org.br\/index.php?rest_route=%2Fwp%2Fv2%2Fmedia&parent=3055"}],"wp:term":[{"taxonomy":"category","embeddable":true,"href":"https:\/\/sinspeb.org.br\/index.php?rest_route=%2Fwp%2Fv2%2Fcategories&post=3055"},{"taxonomy":"post_tag","embeddable":true,"href":"https:\/\/sinspeb.org.br\/index.php?rest_route=%2Fwp%2Fv2%2Ftags&post=3055"}],"curies":[{"name":"wp","href":"https:\/\/api.w.org\/{rel}","templated":true}]}}