{"id":3059,"date":"2021-12-14T18:21:39","date_gmt":"2021-12-14T21:21:39","guid":{"rendered":"http:\/\/sinspeb.org.br\/?p=3059"},"modified":"2021-12-14T18:32:07","modified_gmt":"2021-12-14T21:32:07","slug":"presidente-do-sinsppeb-se-reune-com-o-senador-otto-alencar","status":"publish","type":"post","link":"https:\/\/sinspeb.org.br\/?p=3059","title":{"rendered":"PRESIDENTE DO SINSPPEB SE RE\u00daNE COM O SENADOR OTTO ALENCAR"},"content":{"rendered":"<p style=\"text-align: left;\"><strong>PRESIDENTE DO SINSPPEB SE RE\u00daNE COM O SENADOR OTTO ALENCAR<\/strong><\/p>\n<p>Na manh\u00e3 dessa segunda-feira (13.12), o Presidente do Sindicato dos Servidores da Pol\u00edcia Penal do Estado da Bahia &#8211; SINSPPEB, Reivon Pimentel, se reuniu com o Senador Otto Alencar (PSD), para solicitar apoio \u00e0 aprova\u00e7\u00e3o da Proposta de Emenda \u00e0 Constitui\u00e7\u00e3o que institui a Pol\u00edcia Penal da Bahia, na Assembleia Legislativa da Bahia.<\/p>\n<p>Durante a reuni\u00e3o, o Parlamentar declarou que o pleito \u00e9 justo e necess\u00e1rio, que da mesma forma como fez no Senado Federal, bem como o Deputado Federal Otto Alencar Filho fez na C\u00e2mara dos Deputados, apoiando naquela \u00e9poca a PEC n\u00ba 14\/2016 de autoria do Ex-Senador C\u00e1ssio Cunha Lima, aqui na Bahia n\u00e3o ser\u00e1 diferente, que a categoria pode contar com seu apoio em todas as suas demandas, colocando o seu mandato a disposi\u00e7\u00e3o dos Policiais Penais Baianos e Brasileiros.<\/p>\n<p>Ao t\u00e9rmino da reuni\u00e3o, o Senador se comprometeu em ajudar a categoria no que diz respeito \u00e0 PEC da Pol\u00edcia Penal e o Presidente Reivon Pimentel, agradeceu em nome de todos os Policias Penais da Bahia, ao Senador e ao Dep. Federal Otto Filho, pelo apoio dispensado na aprecia\u00e7\u00e3o naquela \u00e9poca a PEC 14\/2016.<\/p>\n<p>Ressaltamos, que quem fez a media\u00e7\u00e3o para que este contato fosse poss\u00edvel foi o Vereador de Serrinha &#8211; Rog\u00e9rio da Cer\u00e2mica (PSD), tamb\u00e9m, esteve presente o Policial Penal Jos\u00e9 Roberto Cunha (CPFS) &#8211; Presidente do Clube Social e Esportivo Santa F\u00e9 de Serrinha.<\/p>\n<p><strong>GEST\u00c3O UFC \u2013 RUMO \u00c0 APROVA\u00c7\u00c3O DA PEC DA POL\u00cdCIA PENAL!<\/strong><\/p>\n<p><strong>ASCOM \u2013 SINSPPEB<\/strong><\/p>\n","protected":false},"excerpt":{"rendered":"<p>PRESIDENTE DO SINSPPEB SE RE\u00daNE COM O SENADOR OTTO ALENCAR Na manh\u00e3 dessa segunda-feira (13.12), o Presidente do Sindicato dos<\/p>\n","protected":false},"author":3,"featured_media":3060,"comment_status":"open","ping_status":"open","sticky":false,"template":"","format":"standard","meta":{"colormag_page_container_layout":"default_layout","colormag_page_sidebar_layout":"default_layout","footnotes":""},"categories":[45,1],"tags":[],"class_list":["post-3059","post","type-post","status-publish","format-standard","has-post-thumbnail","hentry","category-importante","category-noticias"],"_links":{"self":[{"href":"https:\/\/sinspeb.org.br\/index.php?rest_route=\/wp\/v2\/posts\/3059","targetHints":{"allow":["GET"]}}],"collection":[{"href":"https:\/\/sinspeb.org.br\/index.php?rest_route=\/wp\/v2\/posts"}],"about":[{"href":"https:\/\/sinspeb.org.br\/index.php?rest_route=\/wp\/v2\/types\/post"}],"author":[{"embeddable":true,"href":"https:\/\/sinspeb.org.br\/index.php?rest_route=\/wp\/v2\/users\/3"}],"replies":[{"embeddable":true,"href":"https:\/\/sinspeb.org.br\/index.php?rest_route=%2Fwp%2Fv2%2Fcomments&post=3059"}],"version-history":[{"count":3,"href":"https:\/\/sinspeb.org.br\/index.php?rest_route=\/wp\/v2\/posts\/3059\/revisions"}],"predecessor-version":[{"id":3063,"href":"https:\/\/sinspeb.org.br\/index.php?rest_route=\/wp\/v2\/posts\/3059\/revisions\/3063"}],"wp:featuredmedia":[{"embeddable":true,"href":"https:\/\/sinspeb.org.br\/index.php?rest_route=\/wp\/v2\/media\/3060"}],"wp:attachment":[{"href":"https:\/\/sinspeb.org.br\/index.php?rest_route=%2Fwp%2Fv2%2Fmedia&parent=3059"}],"wp:term":[{"taxonomy":"category","embeddable":true,"href":"https:\/\/sinspeb.org.br\/index.php?rest_route=%2Fwp%2Fv2%2Fcategories&post=3059"},{"taxonomy":"post_tag","embeddable":true,"href":"https:\/\/sinspeb.org.br\/index.php?rest_route=%2Fwp%2Fv2%2Ftags&post=3059"}],"curies":[{"name":"wp","href":"https:\/\/api.w.org\/{rel}","templated":true}]}}