{"id":3065,"date":"2022-01-12T09:56:34","date_gmt":"2022-01-12T12:56:34","guid":{"rendered":"http:\/\/sinspeb.org.br\/?p=3065"},"modified":"2022-01-12T09:56:34","modified_gmt":"2022-01-12T12:56:34","slug":"mais-de-80-dos-policiais-penais-do-cpfs-sao-afetados-por-trabalho-exaustivo-mais-escala-extraordinaria","status":"publish","type":"post","link":"https:\/\/sinspeb.org.br\/?p=3065","title":{"rendered":"Mais de 80% dos Policiais Penais do CPFS s\u00e3o afetados por trabalho exaustivo mais escala extraordin\u00e1ria"},"content":{"rendered":"<p>Mais de 80% dos Policiais Penais do CPFS s\u00e3o afetados por trabalho exaustivo mais escala extraordin\u00e1ria<\/p>\n<p>Na contram\u00e3o de um ambiente de trabalho saud\u00e1vel, a Dire\u00e7\u00e3o do Conjunto Penal de Feira de Santana &#8211; CPFS, mais uma vez, protagoniza o cen\u00e1rio de den\u00fancias sobre irregularidades e abusos contra os Policiais Penais.<\/p>\n<p>Os holofotes da cena est\u00e3o voltados para a imposi\u00e7\u00e3o de escala extraordin\u00e1ria e do aumento excessivo das demandas para cada Policial Penal, que acaba por custodiar em m\u00e9dia 840 internos em 05 ou 06 pavilh\u00f5es sob sua responsabilidade no per\u00edodo noturno, sem o devido direito ao descanso e nem revezamento.<\/p>\n<p>Conforme escalas e relatos dos Policiais Penais do CPFS, os mesmos est\u00e3o trabalhando exaustivamente, principalmente pelo fator alarmante da escassez de Policiais Penais, em m\u00e9dia 15 (quinze) policiais por plant\u00e3o, chegando ao absurdo de em dias at\u00edpicos contar apenas com 10 (dez), estando o efetivo totalmente desproporcional a popula\u00e7\u00e3o carcer\u00e1ria. A falta de efetivo \u00e9 um problema grave e antigo, fruto da n\u00e3o realiza\u00e7\u00e3o de concurso p\u00fablico ou nomea\u00e7\u00e3o dos candidatos j\u00e1 habilitados, oriundos do concurso de 2014, logo os Policiais Penais n\u00e3o podem ser penalizados pelos desmandos da Superintend\u00eancia de Gest\u00e3o Prisional da SEAP.<\/p>\n<p>O nosso corpo \u00e9 uma m\u00e1quina vulner\u00e1vel e o abuso desta pode acarretar efeitos desastrosos e irrevers\u00edveis no ambiente de trabalho, ao Estado, \u00e0 Sociedade e \u00e0 sa\u00fade do trabalhador, principalmente quando a profiss\u00e3o \u00e9 a segunda mais estressante do Mundo, segundo a Organiza\u00e7\u00e3o Mundial da Sa\u00fade. &#8211; OMS.<\/p>\n<p>Com mais de 1.700 internos, o Conjunto Penal de Feira de Santana \u00e9 o maior e mais populoso estabelecimento prisional da Bahia, portanto, deveria demandar aten\u00e7\u00e3o redobrada e especial dos Gestores da Secretaria de Administra\u00e7\u00e3o Penitenci\u00e1ria e Ressocializa\u00e7\u00e3o &#8211; SEAP e da Dire\u00e7\u00e3o da unidade, mas, a realidade \u00e9 totalmente outra.<\/p>\n<p>Cumprindo com sua responsabilidade de fiscalizar as condi\u00e7\u00f5es de trabalho e zelar pela sa\u00fade e seguran\u00e7a da categoria, que o Sindicato dos Servidores da Pol\u00edcia Penal da Bahia &#8211; SINSPPEB, por interm\u00e9dio do Presidente Reivon Pimentel, novamente, den\u00fancia os abusos ocorridos no Conjunto Penal de Feira de Santana (CPFS), e ir\u00e1 adotar todas as medidas cab\u00edveis, inclusive acionando os \u00f3rg\u00e3os competentes, para que essa situa\u00e7\u00e3o seja regularizada com urg\u00eancia.<\/p>\n<p>Ascom &#8211; SINSPPEB<\/p>\n","protected":false},"excerpt":{"rendered":"<p>Mais de 80% dos Policiais Penais do CPFS s\u00e3o afetados por trabalho exaustivo mais escala extraordin\u00e1ria Na contram\u00e3o de um<\/p>\n","protected":false},"author":3,"featured_media":2844,"comment_status":"open","ping_status":"open","sticky":false,"template":"","format":"standard","meta":{"colormag_page_container_layout":"default_layout","colormag_page_sidebar_layout":"default_layout","footnotes":""},"categories":[45,1],"tags":[],"class_list":["post-3065","post","type-post","status-publish","format-standard","has-post-thumbnail","hentry","category-importante","category-noticias"],"_links":{"self":[{"href":"https:\/\/sinspeb.org.br\/index.php?rest_route=\/wp\/v2\/posts\/3065","targetHints":{"allow":["GET"]}}],"collection":[{"href":"https:\/\/sinspeb.org.br\/index.php?rest_route=\/wp\/v2\/posts"}],"about":[{"href":"https:\/\/sinspeb.org.br\/index.php?rest_route=\/wp\/v2\/types\/post"}],"author":[{"embeddable":true,"href":"https:\/\/sinspeb.org.br\/index.php?rest_route=\/wp\/v2\/users\/3"}],"replies":[{"embeddable":true,"href":"https:\/\/sinspeb.org.br\/index.php?rest_route=%2Fwp%2Fv2%2Fcomments&post=3065"}],"version-history":[{"count":1,"href":"https:\/\/sinspeb.org.br\/index.php?rest_route=\/wp\/v2\/posts\/3065\/revisions"}],"predecessor-version":[{"id":3066,"href":"https:\/\/sinspeb.org.br\/index.php?rest_route=\/wp\/v2\/posts\/3065\/revisions\/3066"}],"wp:featuredmedia":[{"embeddable":true,"href":"https:\/\/sinspeb.org.br\/index.php?rest_route=\/wp\/v2\/media\/2844"}],"wp:attachment":[{"href":"https:\/\/sinspeb.org.br\/index.php?rest_route=%2Fwp%2Fv2%2Fmedia&parent=3065"}],"wp:term":[{"taxonomy":"category","embeddable":true,"href":"https:\/\/sinspeb.org.br\/index.php?rest_route=%2Fwp%2Fv2%2Fcategories&post=3065"},{"taxonomy":"post_tag","embeddable":true,"href":"https:\/\/sinspeb.org.br\/index.php?rest_route=%2Fwp%2Fv2%2Ftags&post=3065"}],"curies":[{"name":"wp","href":"https:\/\/api.w.org\/{rel}","templated":true}]}}