{"id":3072,"date":"2022-01-23T09:30:58","date_gmt":"2022-01-23T12:30:58","guid":{"rendered":"http:\/\/sinspeb.org.br\/?p=3072"},"modified":"2022-01-23T09:30:58","modified_gmt":"2022-01-23T12:30:58","slug":"diretoria-do-sinsppeb-e-empossada-para-a-gestao-do-proximo-quadrienio-2022-2026","status":"publish","type":"post","link":"https:\/\/sinspeb.org.br\/?p=3072","title":{"rendered":"Diretoria do SINSPPEB \u00e9 empossada para a gest\u00e3o do pr\u00f3ximo quadri\u00eanio (2022-2026)"},"content":{"rendered":"<p><strong>Diretoria do SINSPPEB \u00e9 empossada para a gest\u00e3o do pr\u00f3ximo quadri\u00eanio (2022-2026)<\/strong><\/p>\n<p>&nbsp;<\/p>\n<p><strong><img fetchpriority=\"high\" decoding=\"async\" class=\"alignnone size-medium wp-image-3074\" src=\"http:\/\/sinspeb.org.br\/wp-content\/uploads\/2022\/01\/IMG-20220118-WA0025-1-300x200.jpg\" alt=\"\" width=\"300\" height=\"200\" srcset=\"https:\/\/sinspeb.org.br\/wp-content\/uploads\/2022\/01\/IMG-20220118-WA0025-1-300x200.jpg 300w, https:\/\/sinspeb.org.br\/wp-content\/uploads\/2022\/01\/IMG-20220118-WA0025-1-1024x682.jpg 1024w, https:\/\/sinspeb.org.br\/wp-content\/uploads\/2022\/01\/IMG-20220118-WA0025-1-768x512.jpg 768w, https:\/\/sinspeb.org.br\/wp-content\/uploads\/2022\/01\/IMG-20220118-WA0025-1.jpg 1280w\" sizes=\"(max-width: 300px) 100vw, 300px\" \/><\/strong><\/p>\n<p>&nbsp;<\/p>\n<p>Na manh\u00e3 do \u00faltimo s\u00e1bado, 15 de janeiro, \u00e0s 10h, foi empossada a diretoria do Sindicato dos Servidores da Pol\u00edcia Penal do Estado da Bahia (Sinsppeb). Sob a lideran\u00e7a do presidente Reivon Pimentel, essa gest\u00e3o segue no comando do sindicato de 15 de janeiro de 2022 at\u00e9 14 de janeiro de 2026. A cerim\u00f4nia foi conduzida pelo presidente da Comiss\u00e3o eleitoral do Sinsppeb, S\u00e1tiro de Cerqueira J\u00fanior e foi realizada no Centro Desportivo e Cultural do Sindhot\u00e9is, na Alameda Dilson Jatahy Fonseca, n\u00ba 226 &#8211; Stella Mares &#8211; Salvador &#8211; Bahia.<\/p>\n<p>O evento contou com a presen\u00e7a de diversas entidades parceiras como o Sindicato dos Guardas Municipais do Estado da Bahia (SINDGUARDAS-BA) representado por Andr\u00e9 Rocha, Leandro Reis Cardoso Barbosa, Charles A. A. Moura e Adenilton Ferreira da Silva; Sindicato das Psic\u00f3logas e Psic\u00f3logos do Estado da Bahia (SINPSI-BA), representado Gl\u00f3ria Maria Machado Pimentel; o presidente do Sindicato dos Policiais Federais do Estado da Bahia (SINDIPOL-BA), Jos\u00e9 M\u00e1rio Lima; o representante do gabinete da Deputada Maria Del Carmen, S\u00e9rgio Silva Bulc\u00e3o; o presidente da Nova Central Sindical de Trabalhadores do Estado da Bahia, Jos\u00e9 Ramos F\u00e9lix da Silva e o presidente do Sindicato dos Trabalhadores em Hot\u00e9is e similares da cidade do Salvador e Regi\u00e3o Metropolitana (SINDHOT\u00c9IS-BA), Almir Pereira da Silva.<\/p>\n<p>Em seu discurso de posse, o presidente do Sinsppeb Reivon Pimentel, ressaltou a responsabilidade diretoria com as demandas da categoria, agradeceu os ex-diretores pelo empenho durante a gest\u00e3o anterior que pavimentou a trajet\u00f3ria de conquistas para a categoria. Agradeceu tamb\u00e9m a sua fam\u00edlia e em especial \u00e0 sua esposa Eliete Machado Lopes, pela paci\u00eancia de compreender as aus\u00eancias familiares por conta das demandas sindicais.<\/p>\n<p>\u201cViemos para este terceiro mandato mais maduros, mais eficientes e preparados para enfrentarmos as adversidades e continuarmos lutando para garantir os direitos dos Servidores Penitenci\u00e1rios. Sabemos que somos fortes e respeitados por sermos um sindicato combativo que representa uma categoria unida e aguerrida, mas devemos ter a consci\u00eancia de que n\u00e3o podemos levar tudo no peito, pois temos oponentes que s\u00e3o um rolo compressor, mas aprendemos com a experi\u00eancia de luta quando devemos avan\u00e7ar e quando devemos recuar, darmos um passo para tr\u00e1s, visando darmos dois para frente em nossas a\u00e7\u00f5es\u201d, ressaltou Pimentel.<\/p>\n<p>Conquistas do Sinsppeb para a categoria no \u00faltimo mandato:<br \/>\n\u2022 Fardamento padronizado que facilita a identifica\u00e7\u00e3o visual dos agentes em suas unidades;<br \/>\n\u2022 Armamento institucional;<br \/>\n\u2022 Concurso p\u00fablico para recompor o efetivo de Policial Penal, com apoio aos candidatos habilitados neste concurso durante os mais de seis meses que os mesmos permaneceram acampados em frente a ALBA;<br \/>\n\u2022 Foram in\u00fameras vit\u00f3rias judiciais, a exemplo da a\u00e7\u00e3o sobre a incorpora\u00e7\u00e3o de percentuais da GSP \u00e0 remunera\u00e7\u00e3o dos Pol\u00edcias Penais e o Sinsppeb continua cobrando que seja pago o retroativo para todos os que requereram atrav\u00e9s do departamento jur\u00eddico do sindicato;<br \/>\n\u2022 Pagamento das Horas Excedentes, que j\u00e1 est\u00e1 em fase de execu\u00e7\u00e3o, lembrando que quando a diretoria assumiu a gest\u00e3o do Sindicato as duas a\u00e7\u00f5es citadas, estavam arquivadas, tamb\u00e9m judicialmente foi poss\u00edvel barrar a entrada de REDAS no sistema prisional baiano, em parceria com o Minist\u00e9rio P\u00fablico do Trabalho, o que significa derrotas ao Estado em a\u00e7\u00f5es contra contrata\u00e7\u00f5es tempor\u00e1rias e a terceiriza\u00e7\u00e3o da atividade de Policial Penal;<br \/>\n\u2022 Conquistas financeiras para a categoria, com processos de promo\u00e7\u00e3o e progress\u00e3o que ocorreram no ano de 2017 e 2021, bem como reajustes no vencimento base, que rebatem em outras verbas remunerat\u00f3rios como o adicional de insalubridade e a Condi\u00e7\u00e3o Especial de Trabalho (CET) no ano de 2018, no ano em curso a categoria ter\u00e1 outro reajuste expressivo em sua remunera\u00e7\u00e3o, desta vez, al\u00e9m do reajuste no vencimento base, foi conquistado o direito ao reajuste na Gratifica\u00e7\u00e3o por Servi\u00e7os Penitenci\u00e1rios (GSP), este com vig\u00eancia a partir de 1\u00b0 de janeiro de 2022 e aquele com efeitos a partir de 1\u00b0 de mar\u00e7o do corrente ano.<\/p>\n<p>O presidente do Sinsppeb, Reivon Pimentel \u201cacredita que dentre todas as conquista da nossa categoria, a mais importante foi a promulga\u00e7\u00e3o em 04 de dezembro de 2019 da Emenda Constitucional 104\/2019, que instituiu a Pol\u00edcia Penal no Brasil, incluindo a nossa categoria no Artigo 144 da Constitui\u00e7\u00e3o Federal, como integrantes da Seguran\u00e7a P\u00fablica, salientando que o SINSPPEB teve participa\u00e7\u00e3o preponderante neste processos de aprova\u00e7\u00e3o da PEC que criou a Pol\u00edcia Penal no Brasil, participando ativamente da luta no Congresso Nacional, como consequ\u00eancia positiva da cria\u00e7\u00e3o da Pol\u00edcia Penal, aqui na Bahia a nossa categoria conseguiu, em luta conjunta com o Sindicato da coirm\u00e3 Pol\u00edcia Civil (SINDPOC), termos reconhecido pelo governo do Estados o direito \u00e0 aposentadoria especial o que reduziu drasticamente a idade m\u00ednima para a aposentadoria, al\u00e9m dessas conquistas tivemos tamb\u00e9m conquistas patrimoniais com a aquisi\u00e7\u00e3o da nossa sede administrativa no bairro da Pituba, e da sede social na cidade de Am\u00e9lia Rodrigues, al\u00e9m dos im\u00f3veis adquirimos tamb\u00e9m um ve\u00edculo zero quil\u00f4metro, sem falar dos muitos eventos recreativos ao longo do ano, sendo os mais importante o arrai\u00e1 do SINSPPEB, em junho e os festejos de final de ano, em homenagem ao dia da Pol\u00edcia Penal no Brasil em 4 de dezembro, essas s\u00e3o s\u00f3 algumas das conquistas da gest\u00e3o UFC do SINSPPEB durante os dois mandatos que findou em 14 de janeiro de 2022\u201d.<\/p>\n<p>O Sinsppeb conta com a categoria para fortalecer a luta e ampliar as conquistas para os policiais penais! Juntos podemos combater o retrocesso e valorizar o trabalho da seguran\u00e7a p\u00fablica na Bahia e no Brasil!<br \/>\nSINDICATO FORTE, CATEGORIA VITORIOSA!!!<\/p>\n<p>GEST\u00c3O UFC &#8211; SINSPEB<\/p>\n","protected":false},"excerpt":{"rendered":"<p>Diretoria do SINSPPEB \u00e9 empossada para a gest\u00e3o do pr\u00f3ximo quadri\u00eanio (2022-2026) &nbsp; &nbsp; Na manh\u00e3 do \u00faltimo s\u00e1bado, 15<\/p>\n","protected":false},"author":3,"featured_media":3074,"comment_status":"open","ping_status":"open","sticky":false,"template":"","format":"standard","meta":{"colormag_page_container_layout":"default_layout","colormag_page_sidebar_layout":"default_layout","footnotes":""},"categories":[45,1],"tags":[],"class_list":["post-3072","post","type-post","status-publish","format-standard","has-post-thumbnail","hentry","category-importante","category-noticias"],"_links":{"self":[{"href":"https:\/\/sinspeb.org.br\/index.php?rest_route=\/wp\/v2\/posts\/3072","targetHints":{"allow":["GET"]}}],"collection":[{"href":"https:\/\/sinspeb.org.br\/index.php?rest_route=\/wp\/v2\/posts"}],"about":[{"href":"https:\/\/sinspeb.org.br\/index.php?rest_route=\/wp\/v2\/types\/post"}],"author":[{"embeddable":true,"href":"https:\/\/sinspeb.org.br\/index.php?rest_route=\/wp\/v2\/users\/3"}],"replies":[{"embeddable":true,"href":"https:\/\/sinspeb.org.br\/index.php?rest_route=%2Fwp%2Fv2%2Fcomments&post=3072"}],"version-history":[{"count":1,"href":"https:\/\/sinspeb.org.br\/index.php?rest_route=\/wp\/v2\/posts\/3072\/revisions"}],"predecessor-version":[{"id":3076,"href":"https:\/\/sinspeb.org.br\/index.php?rest_route=\/wp\/v2\/posts\/3072\/revisions\/3076"}],"wp:featuredmedia":[{"embeddable":true,"href":"https:\/\/sinspeb.org.br\/index.php?rest_route=\/wp\/v2\/media\/3074"}],"wp:attachment":[{"href":"https:\/\/sinspeb.org.br\/index.php?rest_route=%2Fwp%2Fv2%2Fmedia&parent=3072"}],"wp:term":[{"taxonomy":"category","embeddable":true,"href":"https:\/\/sinspeb.org.br\/index.php?rest_route=%2Fwp%2Fv2%2Fcategories&post=3072"},{"taxonomy":"post_tag","embeddable":true,"href":"https:\/\/sinspeb.org.br\/index.php?rest_route=%2Fwp%2Fv2%2Ftags&post=3072"}],"curies":[{"name":"wp","href":"https:\/\/api.w.org\/{rel}","templated":true}]}}