{"id":3077,"date":"2022-01-27T14:46:13","date_gmt":"2022-01-27T17:46:13","guid":{"rendered":"http:\/\/sinspeb.org.br\/?p=3077"},"modified":"2022-01-27T14:46:13","modified_gmt":"2022-01-27T17:46:13","slug":"novo-surto-de-covid-19-escancara-deficit-de-policiais-penais-e-potencializa-as-fragilidades-do-cpfs","status":"publish","type":"post","link":"https:\/\/sinspeb.org.br\/?p=3077","title":{"rendered":"Novo surto de COVID-19 escancara d\u00e9ficit de policiais penais e potencializa \u00e0s fragilidades do CPFS"},"content":{"rendered":"<p><strong>Novo surto de COVID-19 escancara d\u00e9ficit de policiais penais e potencializa \u00e0s fragilidades do CPFS<\/strong><\/p>\n<p>O recente surto de Coronav\u00edrus vem preocupando a comunidade carcer\u00e1ria do Conjunto Penal de Feira de Santana, pois segundo informa\u00e7\u00f5es levantadas in loco, foi confirmado que v\u00e1rios Policiais Penais, Servidores Administrativo, Servidores da Sa\u00fade e a Popula\u00e7\u00e3o Carcer\u00e1ria est\u00e3o acometidos com a COVID-19 ou com sintomas gripais.<\/p>\n<p>Sem a realiza\u00e7\u00e3o de testagem em massa, nem monitoramento e rastreamento dos casos confirmados, fica imposs\u00edvel precisar as dimens\u00f5es do colapso instalado no CPFS.<\/p>\n<p>Nos \u00faltimos dias, o elevado e repentino n\u00famero de casos suspeitos e confirmados de Covid-19 no Pavilh\u00e3o Feminino do CPFS, apenas 7 (sete) internas realizaram o teste, sendo 6 (seis) positivadas, por\u00e9m, mesmo com essa amostragem de resultados as demais internas que apresentam sintomas gripais n\u00e3o foram testadas. O mais absurdo \u00e9 que o Dr. Gutemberg Nobre, m\u00e9dico da unidade prisional, que prestou atendimento m\u00e9dico, autorizou que as internas positivadas retornassem para o conv\u00edvio normal no p\u00e1tio, sem qualquer tipo de isolamento, tendo contato direito umas com as outras, propiciando a propaga\u00e7\u00e3o do v\u00edrus com a consequente contamina\u00e7\u00e3o em massa.<\/p>\n<p>Da forma que a Gest\u00e3o da Unidade tem se posicionado, \u00e9 poss\u00edvel que num momento pr\u00f3ximo aconte\u00e7a uma calamidade sanit\u00e1ria no CPFS, j\u00e1 que todos est\u00e3o expostos a esse perigo iminente.<\/p>\n<p>As consequ\u00eancias do atual surto do v\u00edrus na rotina da unidade j\u00e1 s\u00e3o vis\u00edveis, os plant\u00f5es est\u00e3o com uma quantidade desprez\u00edvel de Policiais Penais, devido ao aumento de infectados, sendo que em alguns plant\u00f5es 01(um) plantonista tem sido escaldado em mais de um posto de servi\u00e7o, no noturno fica mais evidente o d\u00e9ficit, j\u00e1 que h\u00e1 plant\u00f5es em que apenas 03(tr\u00eas) policiais est\u00e3o escalados para garantir a cust\u00f3dia de cerca de 1800 (mil e oitocentos) internos.<\/p>\n<p>Portanto, o Sindicato dos Servidores da Pol\u00edcia Penal do Estado da Bahia &#8211; SINSPPEB, representado pelo Presidente Reivon Pimentel, considera que se n\u00e3o houver concurso p\u00fablico e nomea\u00e7\u00e3o com urg\u00eancia dos aprovados excedentes do concurso de 2014, o Sistema Prisional Feirense entrar\u00e1 em colapso total devido ao j\u00e1 deficit\u00e1rio quadro funcional, potencializado pelo n\u00famero consider\u00e1vel de afastamentos por doen\u00e7a laborativas, al\u00e9m do n\u00famero de aposentadorias que houveram, findando com esse novo surto que atinge o Conjunto Penal de Feira de Santana.<\/p>\n<p>Ascom &#8211; SINSPPEB<\/p>\n","protected":false},"excerpt":{"rendered":"<p>Novo surto de COVID-19 escancara d\u00e9ficit de policiais penais e potencializa \u00e0s fragilidades do CPFS O recente surto de Coronav\u00edrus<\/p>\n","protected":false},"author":3,"featured_media":3078,"comment_status":"open","ping_status":"open","sticky":false,"template":"","format":"standard","meta":{"colormag_page_container_layout":"default_layout","colormag_page_sidebar_layout":"default_layout","footnotes":""},"categories":[45,1],"tags":[],"class_list":["post-3077","post","type-post","status-publish","format-standard","has-post-thumbnail","hentry","category-importante","category-noticias"],"_links":{"self":[{"href":"https:\/\/sinspeb.org.br\/index.php?rest_route=\/wp\/v2\/posts\/3077","targetHints":{"allow":["GET"]}}],"collection":[{"href":"https:\/\/sinspeb.org.br\/index.php?rest_route=\/wp\/v2\/posts"}],"about":[{"href":"https:\/\/sinspeb.org.br\/index.php?rest_route=\/wp\/v2\/types\/post"}],"author":[{"embeddable":true,"href":"https:\/\/sinspeb.org.br\/index.php?rest_route=\/wp\/v2\/users\/3"}],"replies":[{"embeddable":true,"href":"https:\/\/sinspeb.org.br\/index.php?rest_route=%2Fwp%2Fv2%2Fcomments&post=3077"}],"version-history":[{"count":1,"href":"https:\/\/sinspeb.org.br\/index.php?rest_route=\/wp\/v2\/posts\/3077\/revisions"}],"predecessor-version":[{"id":3079,"href":"https:\/\/sinspeb.org.br\/index.php?rest_route=\/wp\/v2\/posts\/3077\/revisions\/3079"}],"wp:featuredmedia":[{"embeddable":true,"href":"https:\/\/sinspeb.org.br\/index.php?rest_route=\/wp\/v2\/media\/3078"}],"wp:attachment":[{"href":"https:\/\/sinspeb.org.br\/index.php?rest_route=%2Fwp%2Fv2%2Fmedia&parent=3077"}],"wp:term":[{"taxonomy":"category","embeddable":true,"href":"https:\/\/sinspeb.org.br\/index.php?rest_route=%2Fwp%2Fv2%2Fcategories&post=3077"},{"taxonomy":"post_tag","embeddable":true,"href":"https:\/\/sinspeb.org.br\/index.php?rest_route=%2Fwp%2Fv2%2Ftags&post=3077"}],"curies":[{"name":"wp","href":"https:\/\/api.w.org\/{rel}","templated":true}]}}