{"id":3082,"date":"2022-04-22T09:17:43","date_gmt":"2022-04-22T12:17:43","guid":{"rendered":"http:\/\/sinspeb.org.br\/?p=3082"},"modified":"2022-04-22T09:17:43","modified_gmt":"2022-04-22T12:17:43","slug":"stf-reconhece-direito-de-policial-penal-acumular-cargo-com-professor","status":"publish","type":"post","link":"https:\/\/sinspeb.org.br\/?p=3082","title":{"rendered":"STF RECONHECE DIREITO DE POLICIAL PENAL ACUMULAR CARGO COM PROFESSOR"},"content":{"rendered":"<p><em><strong>STF RECONHECE DIREITO DE POLICIAL PENAL ACUMULAR CARGO COM PROFESSOR<\/strong><\/em><\/p>\n<p><em><strong>\u00a0<\/strong><\/em><\/p>\n<p>O Tribunal de Justi\u00e7a do Estado da Bahia j\u00e1 havia reconhecido, em caso emblem\u00e1tico julgado em 2017 (Antes do Agente Penitenci\u00e1rio ser denominado Policial Penal), o direito do ac\u00famulo do cargo com o de professor, preservando, por \u00f3bvio, a condi\u00e7\u00e3o de necessidade de compatibilidade de hor\u00e1rios.<\/p>\n<p>No caso em quest\u00e3o, a servidora havia sido demitida do cargo de Agente Penitenci\u00e1rio do Estado da Bahia por acumular o cargo com o de Professor h\u00e1 mais de 26 (vinte e seis) anos, entendendo a Administra\u00e7\u00e3o que havia impossibilidade de acumula\u00e7\u00e3o de cargos.<\/p>\n<p>O Tribunal Baiano concedeu a seguran\u00e7a pleiteada pela servidora anulando o ato administrativo que a demitiu, determinando a sua reintegra\u00e7\u00e3o e o pagamento da remunera\u00e7\u00e3o equivalente ao per\u00edodo que ficou afastada injustamente.<br \/>\nIrresignado, o Estado da Bahia interp\u00f4s recurso extraordin\u00e1rio ao STF que ap\u00f3s ter seus crit\u00e9rios analisados pelo TJ-BA foi inadmitido. Dessa decis\u00e3o, o Estado interp\u00f4s, ainda, agravo ao Supremo, pedindo que o recurso fosse analisado.<\/p>\n<p>O Supremo Tribunal Federal, contudo, entendeu que as decis\u00f5es do Judici\u00e1rio Baiano estavam corretas e consolidou o entendimento.<\/p>\n<p>Com essa decis\u00e3o, garantimos uma GRANDIOSA VIT\u00d3RIA PARA A CATEGORIA, deixando claro que o cargo de Agente Penitenci\u00e1rio (Policial Penal) \u00e9 plenamente poss\u00edvel de acumula\u00e7\u00e3o com o cargo de professor, desde que haja compatibilidade de hor\u00e1rios, conforme prev\u00ea a Constitui\u00e7\u00e3o.<br \/>\nEssa decis\u00e3o serve de precedente e afeta os processos j\u00e1 instaurados e os processos que a Administra\u00e7\u00e3o pode vir a instaurar, e, por isso, trata-se de grandiosa repara\u00e7\u00e3o \u00e0 categoria que sofreu e ainda sofre com processos equivocados e indevidos, baseando-se em crit\u00e9rio n\u00e3o previsto em lei que prev\u00ea textualmente que o cargo de professor \u00e9 pass\u00edvel de acumula\u00e7\u00e3o com outro t\u00e9cnico ou cient\u00edfico, que \u00e9 o caso de Agente Penitenci\u00e1rio\/Policial Penal, para o qual h\u00e1 um conjunto de atribui\u00e7\u00f5es espec\u00edficas e com necessidade de treinamento\/capacita\u00e7\u00e3o espec\u00edfica, caracterizando um cargo t\u00e9cnico.<\/p>\n<p><strong><em>Jur\u00eddico &#8211; SINSPPEB<\/em><\/strong><\/p>\n","protected":false},"excerpt":{"rendered":"<p>STF RECONHECE DIREITO DE POLICIAL PENAL ACUMULAR CARGO COM PROFESSOR \u00a0 O Tribunal de Justi\u00e7a do Estado da Bahia j\u00e1<\/p>\n","protected":false},"author":3,"featured_media":3083,"comment_status":"open","ping_status":"open","sticky":false,"template":"","format":"standard","meta":{"colormag_page_container_layout":"no_sidebar_full_width","colormag_page_sidebar_layout":"left_sidebar","footnotes":""},"categories":[45,1],"tags":[],"class_list":["post-3082","post","type-post","status-publish","format-standard","has-post-thumbnail","hentry","category-importante","category-noticias"],"_links":{"self":[{"href":"https:\/\/sinspeb.org.br\/index.php?rest_route=\/wp\/v2\/posts\/3082","targetHints":{"allow":["GET"]}}],"collection":[{"href":"https:\/\/sinspeb.org.br\/index.php?rest_route=\/wp\/v2\/posts"}],"about":[{"href":"https:\/\/sinspeb.org.br\/index.php?rest_route=\/wp\/v2\/types\/post"}],"author":[{"embeddable":true,"href":"https:\/\/sinspeb.org.br\/index.php?rest_route=\/wp\/v2\/users\/3"}],"replies":[{"embeddable":true,"href":"https:\/\/sinspeb.org.br\/index.php?rest_route=%2Fwp%2Fv2%2Fcomments&post=3082"}],"version-history":[{"count":1,"href":"https:\/\/sinspeb.org.br\/index.php?rest_route=\/wp\/v2\/posts\/3082\/revisions"}],"predecessor-version":[{"id":3084,"href":"https:\/\/sinspeb.org.br\/index.php?rest_route=\/wp\/v2\/posts\/3082\/revisions\/3084"}],"wp:featuredmedia":[{"embeddable":true,"href":"https:\/\/sinspeb.org.br\/index.php?rest_route=\/wp\/v2\/media\/3083"}],"wp:attachment":[{"href":"https:\/\/sinspeb.org.br\/index.php?rest_route=%2Fwp%2Fv2%2Fmedia&parent=3082"}],"wp:term":[{"taxonomy":"category","embeddable":true,"href":"https:\/\/sinspeb.org.br\/index.php?rest_route=%2Fwp%2Fv2%2Fcategories&post=3082"},{"taxonomy":"post_tag","embeddable":true,"href":"https:\/\/sinspeb.org.br\/index.php?rest_route=%2Fwp%2Fv2%2Ftags&post=3082"}],"curies":[{"name":"wp","href":"https:\/\/api.w.org\/{rel}","templated":true}]}}