{"id":3107,"date":"2022-06-05T12:35:10","date_gmt":"2022-06-05T15:35:10","guid":{"rendered":"http:\/\/sinspeb.org.br\/?p=3107"},"modified":"2022-06-05T12:38:28","modified_gmt":"2022-06-05T15:38:28","slug":"policial-penal-publica-artigo-em-comemoracao-ao-dia-mundial-do-meio-ambiente","status":"publish","type":"post","link":"https:\/\/sinspeb.org.br\/?p=3107","title":{"rendered":"Policial Penal publica artigo em comemora\u00e7\u00e3o ao Dia Mundial do Meio Ambiente"},"content":{"rendered":"<p><strong>Policial Penal publica artigo em comemora\u00e7\u00e3o ao Dia Mundial do Meio Ambiente<\/strong><\/p>\n<p>&nbsp;<\/p>\n<p>Institu\u00eddo pela Organiza\u00e7\u00e3o das Na\u00e7\u00f5es Unidas (ONU), o Dia Mundial do Meio Ambiente \u00e9 comemorado no dia 5 de junho, em homenagem \u00e0 Confer\u00eancia de Estocolmo (Su\u00e9cia), realizada em 1972, com o objetivo de conscientizar a popula\u00e7\u00e3o e os governantes sobre a import\u00e2ncia da preserva\u00e7\u00e3o dos nossos recursos e da necessidade de leis que garantam o desenvolvimento sustent\u00e1vel, ou seja, que garantam a preserva\u00e7\u00e3o de recursos naturais n\u00e3o apenas para a gera\u00e7\u00e3o atual, mas tamb\u00e9m para gera\u00e7\u00f5es futuras.<\/p>\n<p>Em artigo, A Mata n\u00e3o Mata &#8211; Por uma consci\u00eancia ambiental no sistema penitenci\u00e1rio, a Policial Penal Eneida Eloisa Portela Bloizi, Bi\u00f3loga, Perita e Auditora Ambiental, nos prop\u00f5e uma reflex\u00e3o: &#8220;Por que n\u00e3o articular uma consci\u00eancia verde voltada ao sistema prisional brasileiro?&#8221;<\/p>\n<p>\u00c9 de extrema import\u00e2ncia, que evidenciamos o nosso compromisso para um mundo mais sustent\u00e1vel e um sistema prisional humanizado que publicamos este artigo.<\/p>\n<p>Ent\u00e3o, boa leitura!<\/p>\n<p>&nbsp;<\/p>\n<p style=\"text-align: center;\"><strong>A Mata n\u00e3o Mata\u00a0<\/strong><br \/>\n<strong>Por uma consci\u00eancia ambiental no sistema penitenci\u00e1rio<\/strong><\/p>\n<p style=\"text-align: left;\">De um lado a mata, do outro o c\u00e1rcere. A mata que n\u00e3o mata, apenas nutre, derrama-se em nascentes, riachos, sementes, frutos diversos, solo f\u00e9rtil e fauna abundante. Enquanto o c\u00e1rcere chora, sangra, promove a escassez de sonhos, desagrega fam\u00edlias e blinda sentimentos.<\/p>\n<p style=\"text-align: left;\">Assim, mesmo que neste paradoxo entre a mata e o c\u00e1rcere, diria que NUMA S\u00d3 TERRA e num mesmo ambiente se desenvolvem as vidas de todas as criaturas que habitam o Complexo da Mata Escura.<\/p>\n<p style=\"text-align: left;\">\u00c0 luz de tais considera\u00e7\u00f5es iniciais, j\u00e1 que no dia 5 de junho, comemora-se o dia mundial do meio ambiente, cabe aqui uma reflex\u00e3o: Por que n\u00e3o articular uma consci\u00eancia verde voltada ao sistema prisional brasileiro?<\/p>\n<p style=\"text-align: left;\">Por que n\u00e3o integrar a mata ao complexo mundo penitenci\u00e1rio? Por que n\u00e3o fertilizar o que era est\u00e9ril e germinar a semente da vida nos que est\u00e3o aprisionados?<\/p>\n<p style=\"text-align: left;\">A a\u00e7\u00e3o que propomos \u00e9 integrar a grade curricular do curso de forma\u00e7\u00e3o dos novos policiais penais ao tema Meio Ambiente, extensiva a todos que j\u00e1 est\u00e3o no sistema, a fim de causar um impacto socioambiental positivo na estrutura das unidades prisionais, transformando o ambiente hostil numa arquitetura menos densa e mais verde.<\/p>\n<p style=\"text-align: left;\">Portanto, para conquistar um espa\u00e7o verde e um comportamento limpo e sustent\u00e1vel dentro das unidades prisionais faz-se necess\u00e1rio implantar pol\u00edticas p\u00fablicas arrojadas no \u00e2mbito da educa\u00e7\u00e3o ambiental.<\/p>\n<p style=\"text-align: left;\">O intuito \u00e9 tornar as unidades mais limpas, verdes e agrad\u00e1veis para os servidores, funcion\u00e1rios e os que ali est\u00e3o custodiados, bem como transformar o cen\u00e1rio hostil de uma arquitetura concretada, numa paisagem mais verde e menos densa, minimizando a polui\u00e7\u00e3o visual e a rigidez no aspecto do ambiente prisional.<\/p>\n<p style=\"text-align: left;\">Importante destacar que para haver uma conex\u00e3o da natureza com o c\u00e1rcere, uma s\u00e9rie de atitudes transformadoras dentro desse ambiente se faz necess\u00e1rio, tais quais: Reduzir o descarte dos res\u00edduos org\u00e2nicos e n\u00e3o org\u00e2nicos e mitigar a polui\u00e7\u00e3o visual na estrutura f\u00edsica das unidades prisionais, dentre outras.<\/p>\n<p style=\"text-align: left;\">Tudo isso, a partir de uma educa\u00e7\u00e3o ambiental que prime pela sustentabilidade.<\/p>\n<p style=\"text-align: left;\">Ainda com o foco nas pol\u00edticas prisionais voltadas ao meio ambiente, \u00e9 de fundamental import\u00e2ncia o\u00a0 aumento da atividade laboral dos presos nas hortas e no paisagismo dos jardins. O resultado positivo de tais a\u00e7\u00f5es no cen\u00e1rio atual \u00e9 formid\u00e1vel, cabendo destacar a redu\u00e7\u00e3o do \u00f3cio dos encarcerados e sua inser\u00e7\u00e3o nas a\u00e7\u00f5es positivas de ressocializa\u00e7\u00e3o.<\/p>\n<p style=\"text-align: left;\">Se dermos passos firmes nesta dire\u00e7\u00e3o, a sociedade ir\u00e1 agradecer a transforma\u00e7\u00e3o do sistema prisional em unidades sustentavelmente limpas e verdes.<\/p>\n<p style=\"text-align: left;\">Ora, se sa\u00fade ambiental \u00e9 sin\u00f4nimo de sa\u00fade p\u00fablica e o sistema prisional \u00e9 sustent\u00e1culo da seguran\u00e7a p\u00fablica, conclamamos os policiais penais para, de olho no futuro, construir uma rela\u00e7\u00e3o harm\u00f4nica com o meio ambiente. Vamos combater o mundo penitenci\u00e1rio imundo, sem cor, sem VERDE e dizer sim a qualidade de vida para o planeta.<\/p>\n<p style=\"text-align: right;\">Eneida Eloisa Portela Bloizi<br \/>\nPolicial Penal\/Bi\u00f3loga-UESB \/Perita e Auditora Ambiental-UNINTER<\/p>\n","protected":false},"excerpt":{"rendered":"<p>Policial Penal publica artigo em comemora\u00e7\u00e3o ao Dia Mundial do Meio Ambiente &nbsp; Institu\u00eddo pela Organiza\u00e7\u00e3o das Na\u00e7\u00f5es Unidas (ONU),<\/p>\n","protected":false},"author":3,"featured_media":3108,"comment_status":"open","ping_status":"open","sticky":false,"template":"","format":"standard","meta":{"colormag_page_container_layout":"default_layout","colormag_page_sidebar_layout":"default_layout","footnotes":""},"categories":[45,1],"tags":[],"class_list":["post-3107","post","type-post","status-publish","format-standard","has-post-thumbnail","hentry","category-importante","category-noticias"],"_links":{"self":[{"href":"https:\/\/sinspeb.org.br\/index.php?rest_route=\/wp\/v2\/posts\/3107","targetHints":{"allow":["GET"]}}],"collection":[{"href":"https:\/\/sinspeb.org.br\/index.php?rest_route=\/wp\/v2\/posts"}],"about":[{"href":"https:\/\/sinspeb.org.br\/index.php?rest_route=\/wp\/v2\/types\/post"}],"author":[{"embeddable":true,"href":"https:\/\/sinspeb.org.br\/index.php?rest_route=\/wp\/v2\/users\/3"}],"replies":[{"embeddable":true,"href":"https:\/\/sinspeb.org.br\/index.php?rest_route=%2Fwp%2Fv2%2Fcomments&post=3107"}],"version-history":[{"count":3,"href":"https:\/\/sinspeb.org.br\/index.php?rest_route=\/wp\/v2\/posts\/3107\/revisions"}],"predecessor-version":[{"id":3111,"href":"https:\/\/sinspeb.org.br\/index.php?rest_route=\/wp\/v2\/posts\/3107\/revisions\/3111"}],"wp:featuredmedia":[{"embeddable":true,"href":"https:\/\/sinspeb.org.br\/index.php?rest_route=\/wp\/v2\/media\/3108"}],"wp:attachment":[{"href":"https:\/\/sinspeb.org.br\/index.php?rest_route=%2Fwp%2Fv2%2Fmedia&parent=3107"}],"wp:term":[{"taxonomy":"category","embeddable":true,"href":"https:\/\/sinspeb.org.br\/index.php?rest_route=%2Fwp%2Fv2%2Fcategories&post=3107"},{"taxonomy":"post_tag","embeddable":true,"href":"https:\/\/sinspeb.org.br\/index.php?rest_route=%2Fwp%2Fv2%2Ftags&post=3107"}],"curies":[{"name":"wp","href":"https:\/\/api.w.org\/{rel}","templated":true}]}}