{"id":3113,"date":"2022-07-02T14:13:11","date_gmt":"2022-07-02T17:13:11","guid":{"rendered":"http:\/\/sinspeb.org.br\/?p=3113"},"modified":"2022-07-02T14:13:11","modified_gmt":"2022-07-02T17:13:11","slug":"consorcio-recebe-recurso-milionario-por-gestao-de-unidades-prisionais-fechadas","status":"publish","type":"post","link":"https:\/\/sinspeb.org.br\/?p=3113","title":{"rendered":"Cons\u00f3rcio recebe recurso milion\u00e1rio por gest\u00e3o de unidades prisionais fechadas"},"content":{"rendered":"<p><strong>Cons\u00f3rcio recebe recurso milion\u00e1rio por gest\u00e3o de unidades prisionais fechadas<\/strong><\/p>\n<p>A Secret\u00e1ria de Administra\u00e7\u00e3o Penitenci\u00e1ria e Ressocializa\u00e7\u00e3o do Estado da Bahia, cujo o titular \u00e9 o Secret\u00e1rio Jos\u00e9 Ant\u00f4nio Maia Gon\u00e7alves, pagou, nos \u00faltimos dias, mais de R$1,4 milh\u00e3o ao Cons\u00f3rcio de Empresas PAM, pela administra\u00e7\u00e3o das Unidades Prisionais localizadas nas cidades de Irec\u00ea e Brumado, que encontram-se fechadas e sequer foram inauguradas.<\/p>\n<p>Conforme o edital de licita\u00e7\u00e3o, a empresa vencedora, no caso em quest\u00e3o o Cons\u00f3rcio PAM, s\u00f3 receberia os pagamentos do contrato ap\u00f3s regular funcionamento e aferi\u00e7\u00e3o do cumprimento das cl\u00e1usulas contratuais, logo, n\u00e3o h\u00e1 raz\u00e3o para o pagamento dessa despesa milion\u00e1ria se as referidas unidades encontram-se sem o devido funcionamento.<\/p>\n<p>Os dados foram extra\u00eddos do Portal da Transpar\u00eancia do Governo da Bahia e o respons\u00e1vel pelo fiscaliza\u00e7\u00e3o destes contratos \u00e9 o Diretor de Gest\u00e3o de Vagas da SEAP &#8211; Marcos Maur\u00edcio.<\/p>\n<p>Ressaltamos, que os Estabelecimentos Prisionais de Irec\u00ea e Brumado est\u00e3o impedidos de utilizarem m\u00e3o de obra dos denominados &#8220;monitores de ressocializa\u00e7\u00e3o&#8221; por conta de senten\u00e7a judicial proveniente de A\u00e7\u00e3o Civil P\u00fablica movida pelo Minist\u00e9rio P\u00fablico do Trabalho contra a terceiriza\u00e7\u00e3o il\u00edcita do cargo de Agente Penitenci\u00e1rio\/Policial Penal, que vem sendo praticada pelo Governo do Estado da Bahia.<\/p>\n<p>O SINSPPEB chama a aten\u00e7\u00e3o dos \u00f3rg\u00e3os competentes, em especial o Minist\u00e9rio P\u00fablico e a Justi\u00e7a Eleitoral, pois em ano eleitoral, os recursos da pasta da SEAP, que ultrapassam os R$ 700 milh\u00f5es\/anual, podem estar sendo utilizados para financiar campanhas de aliados pol\u00edticos.<\/p>\n<p>O SINSPPEB busca por mais transpar\u00eancia nos processos licitat\u00f3rios e nas fiscaliza\u00e7\u00f5es da execu\u00e7\u00e3o dos contratos firmados.<\/p>\n<p>Viva o 2 de Julho &#8211; Independ\u00eancia da Bahia<\/p>\n<p><img fetchpriority=\"high\" decoding=\"async\" class=\"alignnone size-medium wp-image-3114\" src=\"http:\/\/sinspeb.org.br\/wp-content\/uploads\/2022\/07\/IMG_20220702_134535-300x206.jpg\" alt=\"\" width=\"300\" height=\"206\" srcset=\"https:\/\/sinspeb.org.br\/wp-content\/uploads\/2022\/07\/IMG_20220702_134535-300x206.jpg 300w, https:\/\/sinspeb.org.br\/wp-content\/uploads\/2022\/07\/IMG_20220702_134535-1024x705.jpg 1024w, https:\/\/sinspeb.org.br\/wp-content\/uploads\/2022\/07\/IMG_20220702_134535-768x528.jpg 768w, https:\/\/sinspeb.org.br\/wp-content\/uploads\/2022\/07\/IMG_20220702_134535-130x90.jpg 130w, https:\/\/sinspeb.org.br\/wp-content\/uploads\/2022\/07\/IMG_20220702_134535.jpg 1045w\" sizes=\"(max-width: 300px) 100vw, 300px\" \/> <img decoding=\"async\" class=\"alignnone size-medium wp-image-3115\" src=\"http:\/\/sinspeb.org.br\/wp-content\/uploads\/2022\/07\/IMG_20220702_134600-300x208.jpg\" alt=\"\" width=\"300\" height=\"208\" srcset=\"https:\/\/sinspeb.org.br\/wp-content\/uploads\/2022\/07\/IMG_20220702_134600-300x208.jpg 300w, https:\/\/sinspeb.org.br\/wp-content\/uploads\/2022\/07\/IMG_20220702_134600-1024x711.jpg 1024w, https:\/\/sinspeb.org.br\/wp-content\/uploads\/2022\/07\/IMG_20220702_134600-768x534.jpg 768w, https:\/\/sinspeb.org.br\/wp-content\/uploads\/2022\/07\/IMG_20220702_134600-392x272.jpg 392w, https:\/\/sinspeb.org.br\/wp-content\/uploads\/2022\/07\/IMG_20220702_134600-130x90.jpg 130w, https:\/\/sinspeb.org.br\/wp-content\/uploads\/2022\/07\/IMG_20220702_134600-600x417.jpg 600w, https:\/\/sinspeb.org.br\/wp-content\/uploads\/2022\/07\/IMG_20220702_134600.jpg 1035w\" sizes=\"(max-width: 300px) 100vw, 300px\" \/> <img decoding=\"async\" class=\"alignnone size-medium wp-image-3116\" src=\"http:\/\/sinspeb.org.br\/wp-content\/uploads\/2022\/07\/IMG_20220702_134618-300x211.jpg\" alt=\"\" width=\"300\" height=\"211\" srcset=\"https:\/\/sinspeb.org.br\/wp-content\/uploads\/2022\/07\/IMG_20220702_134618-300x211.jpg 300w, https:\/\/sinspeb.org.br\/wp-content\/uploads\/2022\/07\/IMG_20220702_134618-768x539.jpg 768w, https:\/\/sinspeb.org.br\/wp-content\/uploads\/2022\/07\/IMG_20220702_134618-130x90.jpg 130w, https:\/\/sinspeb.org.br\/wp-content\/uploads\/2022\/07\/IMG_20220702_134618.jpg 1024w\" sizes=\"(max-width: 300px) 100vw, 300px\" \/> <img loading=\"lazy\" decoding=\"async\" class=\"alignnone size-medium wp-image-3117\" src=\"http:\/\/sinspeb.org.br\/wp-content\/uploads\/2022\/07\/IMG_20220702_134652-300x207.jpg\" alt=\"\" width=\"300\" height=\"207\" srcset=\"https:\/\/sinspeb.org.br\/wp-content\/uploads\/2022\/07\/IMG_20220702_134652-300x207.jpg 300w, https:\/\/sinspeb.org.br\/wp-content\/uploads\/2022\/07\/IMG_20220702_134652-1024x707.jpg 1024w, https:\/\/sinspeb.org.br\/wp-content\/uploads\/2022\/07\/IMG_20220702_134652-768x530.jpg 768w, https:\/\/sinspeb.org.br\/wp-content\/uploads\/2022\/07\/IMG_20220702_134652-392x272.jpg 392w, https:\/\/sinspeb.org.br\/wp-content\/uploads\/2022\/07\/IMG_20220702_134652-130x90.jpg 130w, https:\/\/sinspeb.org.br\/wp-content\/uploads\/2022\/07\/IMG_20220702_134652.jpg 1041w\" sizes=\"(max-width: 300px) 100vw, 300px\" \/><\/p>\n<p>&nbsp;<\/p>\n<p>Ascom &#8211; SINSPPEB<\/p>\n","protected":false},"excerpt":{"rendered":"<p>Cons\u00f3rcio recebe recurso milion\u00e1rio por gest\u00e3o de unidades prisionais fechadas A Secret\u00e1ria de Administra\u00e7\u00e3o Penitenci\u00e1ria e Ressocializa\u00e7\u00e3o do Estado da<\/p>\n","protected":false},"author":3,"featured_media":3115,"comment_status":"open","ping_status":"open","sticky":false,"template":"","format":"standard","meta":{"colormag_page_container_layout":"default_layout","colormag_page_sidebar_layout":"default_layout","footnotes":""},"categories":[45,1],"tags":[],"class_list":["post-3113","post","type-post","status-publish","format-standard","has-post-thumbnail","hentry","category-importante","category-noticias"],"_links":{"self":[{"href":"https:\/\/sinspeb.org.br\/index.php?rest_route=\/wp\/v2\/posts\/3113","targetHints":{"allow":["GET"]}}],"collection":[{"href":"https:\/\/sinspeb.org.br\/index.php?rest_route=\/wp\/v2\/posts"}],"about":[{"href":"https:\/\/sinspeb.org.br\/index.php?rest_route=\/wp\/v2\/types\/post"}],"author":[{"embeddable":true,"href":"https:\/\/sinspeb.org.br\/index.php?rest_route=\/wp\/v2\/users\/3"}],"replies":[{"embeddable":true,"href":"https:\/\/sinspeb.org.br\/index.php?rest_route=%2Fwp%2Fv2%2Fcomments&post=3113"}],"version-history":[{"count":1,"href":"https:\/\/sinspeb.org.br\/index.php?rest_route=\/wp\/v2\/posts\/3113\/revisions"}],"predecessor-version":[{"id":3118,"href":"https:\/\/sinspeb.org.br\/index.php?rest_route=\/wp\/v2\/posts\/3113\/revisions\/3118"}],"wp:featuredmedia":[{"embeddable":true,"href":"https:\/\/sinspeb.org.br\/index.php?rest_route=\/wp\/v2\/media\/3115"}],"wp:attachment":[{"href":"https:\/\/sinspeb.org.br\/index.php?rest_route=%2Fwp%2Fv2%2Fmedia&parent=3113"}],"wp:term":[{"taxonomy":"category","embeddable":true,"href":"https:\/\/sinspeb.org.br\/index.php?rest_route=%2Fwp%2Fv2%2Fcategories&post=3113"},{"taxonomy":"post_tag","embeddable":true,"href":"https:\/\/sinspeb.org.br\/index.php?rest_route=%2Fwp%2Fv2%2Ftags&post=3113"}],"curies":[{"name":"wp","href":"https:\/\/api.w.org\/{rel}","templated":true}]}}