{"id":3120,"date":"2022-08-05T12:15:57","date_gmt":"2022-08-05T15:15:57","guid":{"rendered":"http:\/\/sinspeb.org.br\/?p=3120"},"modified":"2022-08-05T12:15:57","modified_gmt":"2022-08-05T15:15:57","slug":"nota-de-repudio-a-exoneracao-arbitraria-da-coordenadora-de-seguranca-do-conjunto-penal-feminino-policial-penal-luci-brandao","status":"publish","type":"post","link":"https:\/\/sinspeb.org.br\/?p=3120","title":{"rendered":"Nota de Rep\u00fadio \u00c0 exonera\u00e7\u00e3o arbitr\u00e1ria da Coordenadora de Seguran\u00e7a do Conjunto Penal Feminino &#8211; Policial Penal Luci Brand\u00e3o ."},"content":{"rendered":"<p>Na edi\u00e7\u00e3o do Di\u00e1rio Oficial do Estado da Bahia, de hoje, sexta feira (05\/08), os Servidores Penais foram surpreendidos com o ato de exonera\u00e7\u00e3o da Policial Penal Luci Brand\u00e3o, do cargo de Coordenadora de Seguran\u00e7a do Conjunto Penal Feminino, no qual desempenhava suas fun\u00e7\u00f5es h\u00e1 mais de uma d\u00e9cada.<\/p>\n<p>Surpreendida com a exonera\u00e7\u00e3o, Luci Brand\u00e3o em nenhum momento fora comunicada pela atual Gestora da Unidade Prisional, Policial Penal Fabrine Leal , do ocorrido. Tamanha falta de respeito n\u00e3o h\u00e1, para com a Servidora que desempenhava fun\u00e7\u00e3o de confian\u00e7a por tanto tempo e sem nenhum registro em seu prontu\u00e1rio, durante todo esse tempo, que maculasse sua trajet\u00f3ria.<\/p>\n<p>Justi\u00e7a seja feita, Luci Brand\u00e3o deveria estar ocupando o cargo de Diretora da Feminina, pois tem o respaldo e apoio de todo corpo de servidores e colaboradores, e sabe como ningu\u00e9m lidar com a massa carcer\u00e1ria feminina.<\/p>\n<p>Ressaltamos que, na \u00faltima assembleia da categoria, realizada na portaria do Complexo Penitenci\u00e1rio, o Presidente Interino do SINSPPEB &#8211; Fernando Fernandes, alertou que informa\u00e7\u00f5es davam conta de que o Secret\u00e1rio da SEAP Jos\u00e9 Ant\u00f4nio Maia buscava nomes de servidores que estavam no ato paredista para retalia-los. Verdade ou n\u00e3o, fato \u00e9 que Brand\u00e3o, profissional fiel \u00e0 fun\u00e7\u00e3o designada e aceita, por\u00e9m, profissional sempre ombreada com os demais servidores na busca por condi\u00e7\u00f5es dignas de trabalho, estando presente na referida assembleia, como em todas as outras, foi vitimada pelo arbitr\u00e1rio e autorit\u00e1rio Secret\u00e1rio da SEAP que, tamb\u00e9m rec\u00e9m nomeado pelo Governador Rui Costa (PT), n\u00e3o fez outra coisa no comando da pasta sen\u00e3o perseguir os servidores de carreira.<\/p>\n<p>Destarte, o Sindicato dos Servidores Penitenci\u00e1rios do Estado da Bahia &#8211; SINSPEB, n\u00e3o tem d\u00favidas sobre os motivos reais que ensejaram a exonera\u00e7\u00e3o da Policial Penal Luci Brand\u00e3o, que exp\u00f5e a demagogia de um governo cujo discurso n\u00e3o coaduna com a pr\u00e1tica democr\u00e1tica. Logo, repudiamos veementemente esse ato praticado pelo Secret\u00e1rio da SEAP &#8211; Jos\u00e9 Ant\u00f4nio Maia, bem como da Diretora do Conjunto Penal Feminino &#8211; Fabrine Leal, pela abusiva, injusta, desrespeitosa e temer\u00e1ria exonera\u00e7\u00e3o.<\/p>\n<p>Salvador, 05 de Agosto de 2022.<br \/>\nAscom &#8211; SINSPPEB<\/p>\n","protected":false},"excerpt":{"rendered":"<p>Na edi\u00e7\u00e3o do Di\u00e1rio Oficial do Estado da Bahia, de hoje, sexta feira (05\/08), os Servidores Penais foram surpreendidos com<\/p>\n","protected":false},"author":3,"featured_media":3121,"comment_status":"open","ping_status":"open","sticky":false,"template":"","format":"standard","meta":{"colormag_page_container_layout":"default_layout","colormag_page_sidebar_layout":"default_layout","footnotes":""},"categories":[45,1],"tags":[],"class_list":["post-3120","post","type-post","status-publish","format-standard","has-post-thumbnail","hentry","category-importante","category-noticias"],"_links":{"self":[{"href":"https:\/\/sinspeb.org.br\/index.php?rest_route=\/wp\/v2\/posts\/3120","targetHints":{"allow":["GET"]}}],"collection":[{"href":"https:\/\/sinspeb.org.br\/index.php?rest_route=\/wp\/v2\/posts"}],"about":[{"href":"https:\/\/sinspeb.org.br\/index.php?rest_route=\/wp\/v2\/types\/post"}],"author":[{"embeddable":true,"href":"https:\/\/sinspeb.org.br\/index.php?rest_route=\/wp\/v2\/users\/3"}],"replies":[{"embeddable":true,"href":"https:\/\/sinspeb.org.br\/index.php?rest_route=%2Fwp%2Fv2%2Fcomments&post=3120"}],"version-history":[{"count":1,"href":"https:\/\/sinspeb.org.br\/index.php?rest_route=\/wp\/v2\/posts\/3120\/revisions"}],"predecessor-version":[{"id":3122,"href":"https:\/\/sinspeb.org.br\/index.php?rest_route=\/wp\/v2\/posts\/3120\/revisions\/3122"}],"wp:featuredmedia":[{"embeddable":true,"href":"https:\/\/sinspeb.org.br\/index.php?rest_route=\/wp\/v2\/media\/3121"}],"wp:attachment":[{"href":"https:\/\/sinspeb.org.br\/index.php?rest_route=%2Fwp%2Fv2%2Fmedia&parent=3120"}],"wp:term":[{"taxonomy":"category","embeddable":true,"href":"https:\/\/sinspeb.org.br\/index.php?rest_route=%2Fwp%2Fv2%2Fcategories&post=3120"},{"taxonomy":"post_tag","embeddable":true,"href":"https:\/\/sinspeb.org.br\/index.php?rest_route=%2Fwp%2Fv2%2Ftags&post=3120"}],"curies":[{"name":"wp","href":"https:\/\/api.w.org\/{rel}","templated":true}]}}