{"id":3124,"date":"2022-08-10T11:15:38","date_gmt":"2022-08-10T14:15:38","guid":{"rendered":"http:\/\/sinspeb.org.br\/?p=3124"},"modified":"2022-08-10T11:15:38","modified_gmt":"2022-08-10T14:15:38","slug":"a-armadilha-sobre-o-processo-de-transferencia-remocao","status":"publish","type":"post","link":"https:\/\/sinspeb.org.br\/?p=3124","title":{"rendered":"A Armadilha sobre o processo de transfer\u00eancia\/remo\u00e7\u00e3o"},"content":{"rendered":"<p>Visando atender demanda da gest\u00e3o em rela\u00e7\u00e3o ao efetivo operacional de Policiais Penais, a Secretaria de Administra\u00e7\u00e3o Penitenci\u00e1ria e Ressocializa\u00e7\u00e3o do Estado da Bahia, publicou na edi\u00e7\u00e3o de ter\u00e7a-feira (09\/08), do Di\u00e1rio Oficial do Estado, edital de processo de transfer\u00eancia\/remo\u00e7\u00e3o para atua\u00e7\u00e3o nos Estabelecimentos Prisionais de Feira de Santana, Irec\u00ea e Brumado.<\/p>\n<p>A crise que afeta o sistema prisional da Bahia, sobretudo no quesito EFETIVO OPERACIONAL, tem comprometido gravemente o funcionamento de todas as unidades prisionais do Estado, n\u00e3o havendo margem para nenhuma delas dispor de nenhum servidor para atender outra unidade ou mesmo novas unidades.<\/p>\n<p>Em 2016, a Superintend\u00eancia de Gest\u00e3o Prisional da SEAP realizou levantamento quantitativo do efetivo, que dava conta da necessidade de contrata\u00e7\u00e3o emergencial de 1.106 Policiais Penais. Em agosto de 2019, antes da promulga\u00e7\u00e3o da Emenda Constitucional 104\/2019, que instituiu a Pol\u00edcia Penal, foi estimado o quantitativo de 13 (treze) Policiais Penais como suficiente para o funcionamento das unidades de Cogest\u00e3o. Somado a isso, o Tribunal de Contas do Estado determinou, em decis\u00e3o transitada em julgado em fevereiro de 2021, o prazo de 12 meses para substitui\u00e7\u00e3o de todos os Monitores de Ressocializa\u00e7\u00e3o existentes nas unidades de Cogest\u00e3o. Em junho passado, a Justi\u00e7a do Trabalho condenou o Estado da Bahia a n\u00e3o mais contratar Monitores de Ressocializa\u00e7\u00e3o para atuarem como Policiais Penais, estabelecendo prazo de 12 meses para a extin\u00e7\u00e3o dos contratos existentes.<\/p>\n<p>Portanto, n\u00e3o h\u00e1 em que se falar em recomposi\u00e7\u00e3o do efetivo operacional, sen\u00e3o por meio de novas contrata\u00e7\u00f5es atrav\u00e9s de Concurso P\u00fablico, para suprir essas quase 3.000 vagas necess\u00e1rias e urgentes para o regular funcionando das unidades prisionais.<\/p>\n<p>O Sindicato dos Servidores Penitenci\u00e1rios do Estado da Bahia orienta os Servidores Penais a n\u00e3o ca\u00edrem nessa armadilha, que visa \u00fanica e exclusivamente atender o \u00edmpeto da Gest\u00e3o da SEAP em inaugurar as Unidades de Cogest\u00e3o, prejudicando sobremaneira os trabalhos que vem sendo realizados para a institui\u00e7\u00e3o da Pol\u00edcia Penal da Bahia.<\/p>\n<p>&nbsp;<\/p>\n<p>Ascom &#8211; SINSPPEB<\/p>\n","protected":false},"excerpt":{"rendered":"<p>Visando atender demanda da gest\u00e3o em rela\u00e7\u00e3o ao efetivo operacional de Policiais Penais, a Secretaria de Administra\u00e7\u00e3o Penitenci\u00e1ria e Ressocializa\u00e7\u00e3o<\/p>\n","protected":false},"author":3,"featured_media":3125,"comment_status":"open","ping_status":"open","sticky":false,"template":"","format":"standard","meta":{"colormag_page_container_layout":"default_layout","colormag_page_sidebar_layout":"default_layout","footnotes":""},"categories":[45,1],"tags":[],"class_list":["post-3124","post","type-post","status-publish","format-standard","has-post-thumbnail","hentry","category-importante","category-noticias"],"_links":{"self":[{"href":"https:\/\/sinspeb.org.br\/index.php?rest_route=\/wp\/v2\/posts\/3124","targetHints":{"allow":["GET"]}}],"collection":[{"href":"https:\/\/sinspeb.org.br\/index.php?rest_route=\/wp\/v2\/posts"}],"about":[{"href":"https:\/\/sinspeb.org.br\/index.php?rest_route=\/wp\/v2\/types\/post"}],"author":[{"embeddable":true,"href":"https:\/\/sinspeb.org.br\/index.php?rest_route=\/wp\/v2\/users\/3"}],"replies":[{"embeddable":true,"href":"https:\/\/sinspeb.org.br\/index.php?rest_route=%2Fwp%2Fv2%2Fcomments&post=3124"}],"version-history":[{"count":1,"href":"https:\/\/sinspeb.org.br\/index.php?rest_route=\/wp\/v2\/posts\/3124\/revisions"}],"predecessor-version":[{"id":3126,"href":"https:\/\/sinspeb.org.br\/index.php?rest_route=\/wp\/v2\/posts\/3124\/revisions\/3126"}],"wp:featuredmedia":[{"embeddable":true,"href":"https:\/\/sinspeb.org.br\/index.php?rest_route=\/wp\/v2\/media\/3125"}],"wp:attachment":[{"href":"https:\/\/sinspeb.org.br\/index.php?rest_route=%2Fwp%2Fv2%2Fmedia&parent=3124"}],"wp:term":[{"taxonomy":"category","embeddable":true,"href":"https:\/\/sinspeb.org.br\/index.php?rest_route=%2Fwp%2Fv2%2Fcategories&post=3124"},{"taxonomy":"post_tag","embeddable":true,"href":"https:\/\/sinspeb.org.br\/index.php?rest_route=%2Fwp%2Fv2%2Ftags&post=3124"}],"curies":[{"name":"wp","href":"https:\/\/api.w.org\/{rel}","templated":true}]}}