{"id":3129,"date":"2022-12-15T23:02:53","date_gmt":"2022-12-16T02:02:53","guid":{"rendered":"http:\/\/sinspeb.org.br\/?p=3129"},"modified":"2022-12-15T23:02:53","modified_gmt":"2022-12-16T02:02:53","slug":"convocacao-assembleia-ordinaria-prestacao-de-contas","status":"publish","type":"post","link":"https:\/\/sinspeb.org.br\/?p=3129","title":{"rendered":"Convoca\u00e7\u00e3o Assembleia Ordin\u00e1ria &#8211; Presta\u00e7\u00e3o de Contas"},"content":{"rendered":"<p style=\"padding-left: 40px; text-align: left;\">\n<p>&nbsp;<\/p>\n<p><strong>SINSPEB &#8211; Convoca\u00e7\u00e3o para Assembleia Geral Ordin\u00e1ria<\/strong><\/p>\n<p><strong>\u00a0<\/strong><\/p>\n<p><strong><img decoding=\"async\" class=\"size-medium wp-image-3132 aligncenter\" src=\"http:\/\/sinspeb.org.br\/wp-content\/uploads\/2022\/12\/IMG_20221215_151902-300x157.jpg\" alt=\"\" width=\"300\" height=\"157\" srcset=\"https:\/\/sinspeb.org.br\/wp-content\/uploads\/2022\/12\/IMG_20221215_151902-300x157.jpg 300w, https:\/\/sinspeb.org.br\/wp-content\/uploads\/2022\/12\/IMG_20221215_151902-768x401.jpg 768w, https:\/\/sinspeb.org.br\/wp-content\/uploads\/2022\/12\/IMG_20221215_151902-390x205.jpg 390w, https:\/\/sinspeb.org.br\/wp-content\/uploads\/2022\/12\/IMG_20221215_151902.jpg 888w\" sizes=\"(max-width: 300px) 100vw, 300px\" \/><\/strong><\/p>\n<p><strong>\u00a0<\/strong><\/p>\n<p>O Presidente do Sindicato dos Servidores Penitenci\u00e1rios do Estado da Bahia (SINSPEB), Reivon Pimentel, no uso de suas atribui\u00e7\u00f5es estatut\u00e1rias, convoca todos os Servidores Penitenci\u00e1rios do Estado da Bahia para a Assembleia Geral Ordin\u00e1ria, a ser realizada no dia 22 de dezembro de 2022 (quinta-feira), no audit\u00f3rio da Associa\u00e7\u00e3o dos Funcion\u00e1rios P\u00fablicos do Estado da Bahia (AFPEB), \u00e0s 09:00h primeira chamada e \u00e0s 09:30h segunda e \u00faltima chamada.<\/p>\n<p>A participa\u00e7\u00e3o de todos os Servidores \u00e9 de suma import\u00e2ncia, porque nessa ocasi\u00e3o ser\u00e1 apresentado a presta\u00e7\u00e3o de contas do exerc\u00edcio 2021, visando sua aprova\u00e7\u00e3o.<\/p>\n<p>Esse ser\u00e1 um grande momento de tirarmos as d\u00favidas referente a comprova\u00e7\u00e3o fiscal e contribuirmos com sugest\u00f5es para aperfei\u00e7oarmos cada vez mais o exerc\u00edcio da transpar\u00eancia.<\/p>\n<p>Contaremos com a presen\u00e7a da Diretoria da Gest\u00e3o UFC, dos Conselheiros Fiscais, da Assessoria Jur\u00eddica &#8211; Santana Advocacia e dos Contadores da Crescere.<\/p>\n<p>Participem! Fa\u00e7am valer seu direito de decidir o melhor caminho da nossa luta.<\/p>\n<p>Juntos somos mais fortes!<\/p>\n<p><img fetchpriority=\"high\" decoding=\"async\" class=\"alignnone size-medium wp-image-3133\" src=\"http:\/\/sinspeb.org.br\/wp-content\/uploads\/2022\/12\/IMG_20221215_152325-196x300.jpg\" alt=\"\" width=\"196\" height=\"300\" srcset=\"https:\/\/sinspeb.org.br\/wp-content\/uploads\/2022\/12\/IMG_20221215_152325-196x300.jpg 196w, https:\/\/sinspeb.org.br\/wp-content\/uploads\/2022\/12\/IMG_20221215_152325-670x1024.jpg 670w, https:\/\/sinspeb.org.br\/wp-content\/uploads\/2022\/12\/IMG_20221215_152325-768x1173.jpg 768w, https:\/\/sinspeb.org.br\/wp-content\/uploads\/2022\/12\/IMG_20221215_152325.jpg 953w\" sizes=\"(max-width: 196px) 100vw, 196px\" \/><\/p>\n<p>&nbsp;<\/p>\n<p>Ascom &#8211; SINSPEB<\/p>\n","protected":false},"excerpt":{"rendered":"<p>&nbsp; SINSPEB &#8211; Convoca\u00e7\u00e3o para Assembleia Geral Ordin\u00e1ria \u00a0 \u00a0 O Presidente do Sindicato dos Servidores Penitenci\u00e1rios do Estado da<\/p>\n","protected":false},"author":3,"featured_media":3130,"comment_status":"open","ping_status":"open","sticky":false,"template":"","format":"standard","meta":{"colormag_page_container_layout":"default_layout","colormag_page_sidebar_layout":"default_layout","footnotes":""},"categories":[45,1,6],"tags":[],"class_list":["post-3129","post","type-post","status-publish","format-standard","has-post-thumbnail","hentry","category-importante","category-noticias","category-prestacao-de-contas"],"_links":{"self":[{"href":"https:\/\/sinspeb.org.br\/index.php?rest_route=\/wp\/v2\/posts\/3129","targetHints":{"allow":["GET"]}}],"collection":[{"href":"https:\/\/sinspeb.org.br\/index.php?rest_route=\/wp\/v2\/posts"}],"about":[{"href":"https:\/\/sinspeb.org.br\/index.php?rest_route=\/wp\/v2\/types\/post"}],"author":[{"embeddable":true,"href":"https:\/\/sinspeb.org.br\/index.php?rest_route=\/wp\/v2\/users\/3"}],"replies":[{"embeddable":true,"href":"https:\/\/sinspeb.org.br\/index.php?rest_route=%2Fwp%2Fv2%2Fcomments&post=3129"}],"version-history":[{"count":2,"href":"https:\/\/sinspeb.org.br\/index.php?rest_route=\/wp\/v2\/posts\/3129\/revisions"}],"predecessor-version":[{"id":3134,"href":"https:\/\/sinspeb.org.br\/index.php?rest_route=\/wp\/v2\/posts\/3129\/revisions\/3134"}],"wp:featuredmedia":[{"embeddable":true,"href":"https:\/\/sinspeb.org.br\/index.php?rest_route=\/wp\/v2\/media\/3130"}],"wp:attachment":[{"href":"https:\/\/sinspeb.org.br\/index.php?rest_route=%2Fwp%2Fv2%2Fmedia&parent=3129"}],"wp:term":[{"taxonomy":"category","embeddable":true,"href":"https:\/\/sinspeb.org.br\/index.php?rest_route=%2Fwp%2Fv2%2Fcategories&post=3129"},{"taxonomy":"post_tag","embeddable":true,"href":"https:\/\/sinspeb.org.br\/index.php?rest_route=%2Fwp%2Fv2%2Ftags&post=3129"}],"curies":[{"name":"wp","href":"https:\/\/api.w.org\/{rel}","templated":true}]}}