{"id":3135,"date":"2022-12-17T08:02:06","date_gmt":"2022-12-17T11:02:06","guid":{"rendered":"http:\/\/sinspeb.org.br\/?p=3135"},"modified":"2022-12-17T08:05:05","modified_gmt":"2022-12-17T11:05:05","slug":"3135","status":"publish","type":"post","link":"https:\/\/sinspeb.org.br\/?p=3135","title":{"rendered":"Em reuni\u00e3o com o Coordenador da equipe de transi\u00e7\u00e3o do Governador eleito Jer\u00f4nimo, sindicato cobra implementa\u00e7\u00e3o da Pol\u00edcia Penal na Bahia"},"content":{"rendered":"<p><strong>Em reuni\u00e3o com o Coordenador da equipe de transi\u00e7\u00e3o do Governador eleito Jer\u00f4nimo, sindicato cobra implementa\u00e7\u00e3o da Pol\u00edcia Penal na Bahia<\/strong><\/p>\n<p><em>O Estado \u00e9 o \u00fanico no Brasil que ainda n\u00e3o implementou a Pol\u00edcia Penal<\/em><\/p>\n<p><img decoding=\"async\" class=\"size-medium wp-image-3136 aligncenter\" src=\"http:\/\/sinspeb.org.br\/wp-content\/uploads\/2022\/12\/IMG-20221217-WA0008-300x135.jpg\" alt=\"\" width=\"300\" height=\"135\" srcset=\"https:\/\/sinspeb.org.br\/wp-content\/uploads\/2022\/12\/IMG-20221217-WA0008-300x135.jpg 300w, https:\/\/sinspeb.org.br\/wp-content\/uploads\/2022\/12\/IMG-20221217-WA0008-1024x461.jpg 1024w, https:\/\/sinspeb.org.br\/wp-content\/uploads\/2022\/12\/IMG-20221217-WA0008-768x346.jpg 768w, https:\/\/sinspeb.org.br\/wp-content\/uploads\/2022\/12\/IMG-20221217-WA0008-1536x692.jpg 1536w, https:\/\/sinspeb.org.br\/wp-content\/uploads\/2022\/12\/IMG-20221217-WA0008.jpg 1600w\" sizes=\"(max-width: 300px) 100vw, 300px\" \/><\/p>\n<p>Representantes do Sindicato dos Servidores Penitenci\u00e1rios (Sinspeb) em reuni\u00e3o com o Coordenador da equipe de transi\u00e7\u00e3o do futuro Governo de Jer\u00f4nimo Rodrigues, Adolfo Loyola, pontuaram a necessidade da Bahia criar a Pol\u00edcia Penal. Os sindicalistas destacaram que o Estado, atualmente, \u00e9 o \u00fanico do pa\u00eds que ainda n\u00e3o implementou a Pol\u00edcia Penal institu\u00edda atrav\u00e9s da Emenda Constitucional 104\/19.<\/p>\n<p>O presidente do Sinspeb, Reivon Pimentel, citou exemplos de Estados que j\u00e1 aprovaram e regulamentaram a Pol\u00edcia Penal, como Rio Grande do Norte, Maranh\u00e3o, Pernambuco e Cear\u00e1. Segundo o dirigente sindical, &#8220;o sistema penitenci\u00e1rio nesses Estados era um caos total e, ap\u00f3s a cria\u00e7\u00e3o da Pol\u00edcia Penal, deram um salto gigantesco de qualidade, reduziram de forma abrupta os \u00edndices de viol\u00eancia, o combate ao crime organizado ficou mais fortalecido, e est\u00e3o diminuindo a recorr\u00eancia, de forma significativa, dos casos cr\u00edticos no interior das unidades prisionais, bem como, reduziram drasticamente os \u00edndices de viol\u00eancia nas cidades&#8221;, esclareceu Pimentel.<\/p>\n<p><img decoding=\"async\" class=\"size-medium wp-image-3138 aligncenter\" src=\"http:\/\/sinspeb.org.br\/wp-content\/uploads\/2022\/12\/IMG-20221217-WA0009-300x135.jpg\" alt=\"\" width=\"300\" height=\"135\" srcset=\"https:\/\/sinspeb.org.br\/wp-content\/uploads\/2022\/12\/IMG-20221217-WA0009-300x135.jpg 300w, https:\/\/sinspeb.org.br\/wp-content\/uploads\/2022\/12\/IMG-20221217-WA0009-1024x461.jpg 1024w, https:\/\/sinspeb.org.br\/wp-content\/uploads\/2022\/12\/IMG-20221217-WA0009-768x346.jpg 768w, https:\/\/sinspeb.org.br\/wp-content\/uploads\/2022\/12\/IMG-20221217-WA0009-1536x692.jpg 1536w, https:\/\/sinspeb.org.br\/wp-content\/uploads\/2022\/12\/IMG-20221217-WA0009.jpg 1600w\" sizes=\"(max-width: 300px) 100vw, 300px\" \/><\/p>\n<p>Os sindicalistas explicaram a Adolfo Loyola que a implementa\u00e7\u00e3o da Pol\u00edcia Penal n\u00e3o vai gerar &#8221; impacto financeiro&#8221; ao or\u00e7amento do Estado pois, de acordo com a EC 104\/19, com a inser\u00e7\u00e3o da Pol\u00edcia Penal, especializada em seguran\u00e7a prisional, ocorrer\u00e1, do ponto de vista or\u00e7ament\u00e1rio, apenas a transforma\u00e7\u00e3o dos cargos de Agente Penitenci\u00e1rio em Pol\u00edcia Penal. &#8221; A regulamenta\u00e7\u00e3o da carreira ser\u00e1 depois, em um outro momento, e a cria\u00e7\u00e3o da Pol\u00edcia Penal tamb\u00e9m n\u00e3o vai inviabilizar o projeto de cogest\u00e3o, visto que, a sua implementa\u00e7\u00e3o, n\u00e3o visa combater a terceiriza\u00e7\u00e3o nas unidades prisionais baianas e sim promover seguran\u00e7a jur\u00eddica aos operadores, resguardando as atividades exclusivas de Estado, para que estes possam fazer o enfrentamento ao crime organizado no interior dos estabelecimentos penais&#8221;, explicou Reivon Pimentel.<\/p>\n<p>O coordenador da equipe de transi\u00e7\u00e3o do futuro governo de Jer\u00f4nimo, Adolfo Loyola, destacou que, em janeiro, ap\u00f3s a posse do novo governador, ir\u00e1 agendar uma pr\u00f3xima reuni\u00e3o com os representantes do Sinspeb para entender todas as quest\u00f5es que giram em torno da cria\u00e7\u00e3o da Pol\u00edcia Penal e frisou que, o governador eleito, durante discuss\u00e3o da Reforma Administrativa, levou em considera\u00e7\u00e3o a import\u00e2ncia do sistema penitenci\u00e1rio para a sociedade, por isso, segundo Loyola, a equipe bateu o martelo em manter a SEAP, garantiu que n\u00e3o h\u00e1 possibilidade de extin\u00e7\u00e3o da Secretaria, e assegurou que a pr\u00f3xima gest\u00e3o vai adotar uma postura de di\u00e1logo com as categorias.<\/p>\n<p>A reuni\u00e3o ocorreu na \u00faltima quarta (15), foi articulada pelo vereador de Santo Ant\u00f4nio de Jesus, professor Uberdan Cardoso (PT), e contou com as presen\u00e7as do Coordenador de Organiza\u00e7\u00e3o do Sinspeb, Jorge Bastos, e do Coordenador Jur\u00eddico do Sinspeb , Ramon Carvalhal.<\/p>\n<p>&nbsp;<\/p>\n<p>ASCOM &#8211; SINSPEB<\/p>\n<p>Jornalista &#8211; Jaqueline Barreto<\/p>\n","protected":false},"excerpt":{"rendered":"<p>Em reuni\u00e3o com o Coordenador da equipe de transi\u00e7\u00e3o do Governador eleito Jer\u00f4nimo, sindicato cobra implementa\u00e7\u00e3o da Pol\u00edcia Penal na<\/p>\n","protected":false},"author":3,"featured_media":3138,"comment_status":"open","ping_status":"open","sticky":false,"template":"","format":"standard","meta":{"colormag_page_container_layout":"default_layout","colormag_page_sidebar_layout":"default_layout","footnotes":""},"categories":[45,1],"tags":[],"class_list":["post-3135","post","type-post","status-publish","format-standard","has-post-thumbnail","hentry","category-importante","category-noticias"],"_links":{"self":[{"href":"https:\/\/sinspeb.org.br\/index.php?rest_route=\/wp\/v2\/posts\/3135","targetHints":{"allow":["GET"]}}],"collection":[{"href":"https:\/\/sinspeb.org.br\/index.php?rest_route=\/wp\/v2\/posts"}],"about":[{"href":"https:\/\/sinspeb.org.br\/index.php?rest_route=\/wp\/v2\/types\/post"}],"author":[{"embeddable":true,"href":"https:\/\/sinspeb.org.br\/index.php?rest_route=\/wp\/v2\/users\/3"}],"replies":[{"embeddable":true,"href":"https:\/\/sinspeb.org.br\/index.php?rest_route=%2Fwp%2Fv2%2Fcomments&post=3135"}],"version-history":[{"count":3,"href":"https:\/\/sinspeb.org.br\/index.php?rest_route=\/wp\/v2\/posts\/3135\/revisions"}],"predecessor-version":[{"id":3140,"href":"https:\/\/sinspeb.org.br\/index.php?rest_route=\/wp\/v2\/posts\/3135\/revisions\/3140"}],"wp:featuredmedia":[{"embeddable":true,"href":"https:\/\/sinspeb.org.br\/index.php?rest_route=\/wp\/v2\/media\/3138"}],"wp:attachment":[{"href":"https:\/\/sinspeb.org.br\/index.php?rest_route=%2Fwp%2Fv2%2Fmedia&parent=3135"}],"wp:term":[{"taxonomy":"category","embeddable":true,"href":"https:\/\/sinspeb.org.br\/index.php?rest_route=%2Fwp%2Fv2%2Fcategories&post=3135"},{"taxonomy":"post_tag","embeddable":true,"href":"https:\/\/sinspeb.org.br\/index.php?rest_route=%2Fwp%2Fv2%2Ftags&post=3135"}],"curies":[{"name":"wp","href":"https:\/\/api.w.org\/{rel}","templated":true}]}}