{"id":3142,"date":"2022-12-28T06:34:21","date_gmt":"2022-12-28T09:34:21","guid":{"rendered":"http:\/\/sinspeb.org.br\/?p=3142"},"modified":"2022-12-28T06:34:21","modified_gmt":"2022-12-28T09:34:21","slug":"sindicato-denuncia-prisao-arbitraria-e-classifica-como-usurpacao-de-funcao-publica","status":"publish","type":"post","link":"https:\/\/sinspeb.org.br\/?p=3142","title":{"rendered":"Sindicato denuncia pris\u00e3o arbitr\u00e1ria e classifica como &#8221; usurpa\u00e7\u00e3o de fun\u00e7\u00e3o p\u00fablica &#8220;"},"content":{"rendered":"<p><strong>Sindicato denuncia pris\u00e3o arbitr\u00e1ria e classifica como &#8221; usurpa\u00e7\u00e3o de fun\u00e7\u00e3o p\u00fablica &#8220;<\/strong><\/p>\n<p>O Sinspeb salienta que o monitor de ressocializa\u00e7\u00e3o teria que responder por porte ilegal de arma de fogo e pontua que o terceirizado n\u00e3o tem &#8220;poder de pol\u00edcia&#8221;<\/p>\n<p>O Sindicato dos Servidores Penitenci\u00e1rios ( Sinspeb) denuncia que a pris\u00e3o do empres\u00e1rio Marcelo Muniz, dono de um lava jato, localizado no munic\u00edpio de Brumado, foi equivocada, arbitr\u00e1ria e representa um caso de &#8220;usurpa\u00e7\u00e3o de fun\u00e7\u00e3o p\u00fablica&#8221;, pois o monitor de ressocializa\u00e7\u00e3o penitenci\u00e1ria que efetuou a pris\u00e3o, &#8220;n\u00e3o tem poder de pol\u00edcia, n\u00e3o pode ter porte de arma funcional e nem pessoal. Por isso, n\u00e3o poderia estar armado. Muito menos, d\u00e1 voz de pris\u00e3o e conduzir \u00e0 delegacia&#8221;, salienta o presidente do Sinspeb, Reivon Pimentel.<\/p>\n<p>O dono do lava jato move a\u00e7\u00e3o por &#8220;abuso de autoridade&#8221; porque a pris\u00e3o ocorreu devido a um desentendimento que teve com uma engenheira do pres\u00eddio por causa da emiss\u00e3o de uma nota fiscal. De acordo com Marcelo Muniz, a engenheira n\u00e3o quis aguardar o estabelecimento ser aberto para a nota fiscal ser emitida. Ligou para o monitor de ressocializa\u00e7\u00e3o que deslocou-se at\u00e9 o lava jato, algemou o empres\u00e1rio em frente \u00e0 filha de 13 anos, e o conduziu \u00e0 delegacia.<\/p>\n<p>O sindicalista esclarece que o monitor de ressocializa\u00e7\u00e3o \u00e9 um profissional terceirizado que, de forma equivocada, exerceu uma fun\u00e7\u00e3o que seria exclusiva do Estado. Portanto, teria que responder por porte ilegal de arma e usurpa\u00e7\u00e3o de fun\u00e7\u00e3o p\u00fablica. O Sinspeb pontua que o pres\u00eddio de Brumado est\u00e1 funcionando contrariando senten\u00e7a da 5\u00b0 vara da Justi\u00e7a do Trabalho ao colocar um terceirizado para exercer uma atividade exclusiva de Estado, notadamente a do policial penal e destaca a necessidade de realiza\u00e7\u00e3o de concurso p\u00fablico para aumentar o efetivo policial. &#8220;Por isso, o SINSPEB est\u00e1 combatendo de forma veemente a contrata\u00e7\u00e3o de profissionais terceirizados para exercer nossa fun\u00e7\u00e3o, bem como o cumprimento da decis\u00e3o judicial da 5 \u00b0 vara da Justi\u00e7a do trabalho de Salvador. &#8220;N\u00e3o somos contra a cogest\u00e3o, por\u00e9m, \u00e9 preciso resguardar a atividade do policial penal. Mas somos contra a usurpa\u00e7\u00e3o da nossa fun\u00e7\u00e3o. O Estado ao inv\u00e9s de fazer concurso p\u00fablico, terceiriza e a\u00ed ocorrem casos como esse&#8221;, lamenta Reivon Pimentel.<\/p>\n<p>O presidente do Sinspeb ressalta que o Conselho Nacional de Pol\u00edtica Criminal e Penitenci\u00e1ria ( CNPCP) recomenda que, para cada grupo de 5 presos provis\u00f3rios ou condenados a regime fechado, o Estado precisa disponibilizar 1 policial penal, ou seja, a propor\u00e7\u00e3o \u00e9 de 5 apenados para 1 servidor. Entretanto, a Bahia ainda encontra-se distante da recomenda\u00e7\u00e3o do CNPC, possui uma popula\u00e7\u00e3o carcer\u00e1ria de cerca de 12 mil apenados e conta com menos de 250 policiais penais por plant\u00e3o em todo o Estado.&#8221; Dever\u00edamos ter, pelo menos, tr\u00eas vezes esse n\u00famero. Ou seja, algo em torno de 700 policiais penais por plant\u00e3o para promover a seguran\u00e7a, a vigil\u00e2ncia perimetral, a escolta e cust\u00f3dia dos presos, e para atender os presos nas assist\u00eancias previstas na LEP, ou seja, nas assist\u00eancias laborativas, sociais, educacionais e m\u00e9dicas&#8221;, frisa Reivon Pimentel. A pris\u00e3o ocorreu na \u00faltima sexta-feira (23) e a a\u00e7\u00e3o do empres\u00e1rio encontra-se em tr\u00e2mite na justi\u00e7a.<\/p>\n<p>Ascom Sinspeb<br \/>\nFotos e v\u00eddeos: Divulga\u00e7\u00e3o<\/p>\n","protected":false},"excerpt":{"rendered":"<p>Sindicato denuncia pris\u00e3o arbitr\u00e1ria e classifica como &#8221; usurpa\u00e7\u00e3o de fun\u00e7\u00e3o p\u00fablica &#8220; O Sinspeb salienta que o monitor de<\/p>\n","protected":false},"author":3,"featured_media":3143,"comment_status":"open","ping_status":"open","sticky":false,"template":"","format":"standard","meta":{"colormag_page_container_layout":"default_layout","colormag_page_sidebar_layout":"default_layout","footnotes":""},"categories":[45,1],"tags":[],"class_list":["post-3142","post","type-post","status-publish","format-standard","has-post-thumbnail","hentry","category-importante","category-noticias"],"_links":{"self":[{"href":"https:\/\/sinspeb.org.br\/index.php?rest_route=\/wp\/v2\/posts\/3142","targetHints":{"allow":["GET"]}}],"collection":[{"href":"https:\/\/sinspeb.org.br\/index.php?rest_route=\/wp\/v2\/posts"}],"about":[{"href":"https:\/\/sinspeb.org.br\/index.php?rest_route=\/wp\/v2\/types\/post"}],"author":[{"embeddable":true,"href":"https:\/\/sinspeb.org.br\/index.php?rest_route=\/wp\/v2\/users\/3"}],"replies":[{"embeddable":true,"href":"https:\/\/sinspeb.org.br\/index.php?rest_route=%2Fwp%2Fv2%2Fcomments&post=3142"}],"version-history":[{"count":1,"href":"https:\/\/sinspeb.org.br\/index.php?rest_route=\/wp\/v2\/posts\/3142\/revisions"}],"predecessor-version":[{"id":3144,"href":"https:\/\/sinspeb.org.br\/index.php?rest_route=\/wp\/v2\/posts\/3142\/revisions\/3144"}],"wp:featuredmedia":[{"embeddable":true,"href":"https:\/\/sinspeb.org.br\/index.php?rest_route=\/wp\/v2\/media\/3143"}],"wp:attachment":[{"href":"https:\/\/sinspeb.org.br\/index.php?rest_route=%2Fwp%2Fv2%2Fmedia&parent=3142"}],"wp:term":[{"taxonomy":"category","embeddable":true,"href":"https:\/\/sinspeb.org.br\/index.php?rest_route=%2Fwp%2Fv2%2Fcategories&post=3142"},{"taxonomy":"post_tag","embeddable":true,"href":"https:\/\/sinspeb.org.br\/index.php?rest_route=%2Fwp%2Fv2%2Ftags&post=3142"}],"curies":[{"name":"wp","href":"https:\/\/api.w.org\/{rel}","templated":true}]}}