{"id":3146,"date":"2022-12-29T15:48:29","date_gmt":"2022-12-29T18:48:29","guid":{"rendered":"http:\/\/sinspeb.org.br\/?p=3146"},"modified":"2022-12-29T15:48:29","modified_gmt":"2022-12-29T18:48:29","slug":"sinspeb-celebra-indicacao-de-rafael-velasco-para-comando-da-secretaria-nacional-de-politicas-penais","status":"publish","type":"post","link":"https:\/\/sinspeb.org.br\/?p=3146","title":{"rendered":"Sinspeb celebra indica\u00e7\u00e3o de Rafael Velasco para comando da Secretaria Nacional de Pol\u00edticas Penais"},"content":{"rendered":"<p><strong>Sinspeb celebra indica\u00e7\u00e3o de Rafael Velasco para comando da Secretaria Nacional de Pol\u00edticas Penais<\/strong><\/p>\n<p><strong><img fetchpriority=\"high\" decoding=\"async\" class=\"alignnone size-medium wp-image-3147\" src=\"http:\/\/sinspeb.org.br\/wp-content\/uploads\/2022\/12\/IMG-20221229-WA0029-300x230.jpg\" alt=\"\" width=\"300\" height=\"230\" srcset=\"https:\/\/sinspeb.org.br\/wp-content\/uploads\/2022\/12\/IMG-20221229-WA0029-300x230.jpg 300w, https:\/\/sinspeb.org.br\/wp-content\/uploads\/2022\/12\/IMG-20221229-WA0029-1024x784.jpg 1024w, https:\/\/sinspeb.org.br\/wp-content\/uploads\/2022\/12\/IMG-20221229-WA0029-768x588.jpg 768w, https:\/\/sinspeb.org.br\/wp-content\/uploads\/2022\/12\/IMG-20221229-WA0029.jpg 1069w\" sizes=\"(max-width: 300px) 100vw, 300px\" \/><br \/>\n<\/strong><\/p>\n<p><strong>\u00a0<\/strong><\/p>\n<p>O Sindicato dos Servidores Penitenci\u00e1rios (Sinspeb) celebra a indica\u00e7\u00e3o do policial penal maranhense Rafael Velasco Brandani para assumir o comando da Secretaria Nacional de Pol\u00edticas Penais que ser\u00e1 vinculada ao Minist\u00e9rio da Justi\u00e7a e Seguran\u00e7a P\u00fablica e substituir\u00e1 o extinto Departamento Penitenci\u00e1rio Nacional (Depen). O presidente do Sinspeb, Reivon Pimentel, parabeniza o futuro ministro da Justi\u00e7a, Fl\u00e1vio Dino (PSB-MA), pela indica\u00e7\u00e3o t\u00e9cnica para a nova e importante Secretaria, e ressalta que Velasco al\u00e9m de ser um profissional qualificado, do ponto de vista te\u00f3rico, possui ampla experi\u00eancia de trabalho no sistema prisional brasileiro.<\/p>\n<p>&#8221; Pela primeira vez a pasta ter\u00e1 como gestor maior, n\u00e3o apenas um policial penal, mas um profissional extremamente competente que tem uma profunda experi\u00eancia com o cotidiano do sistema prisional do nosso pa\u00eds. O sistema prisional s\u00f3 tem a melhorar, s\u00f3 tem a avan\u00e7ar. Por isso, a gente aproveita para parabenizar o senhor Fl\u00e1vio Dino que enche de felicidade n\u00f3s policiais penais brasileiros. Essa foi uma luta da Federa\u00e7\u00e3o Nacional Sindical dos Servidores Penitenci\u00e1rios e Policiais Penais (Fenasppen) e que se concretiza com essa indica\u00e7\u00e3o de Fl\u00e1vio Dino&#8221;, comemora Reivon Pimentel.<\/p>\n<p>Rafael Velasco, 41 anos, \u00e9 o atual Subsecret\u00e1rio de Administra\u00e7\u00e3o Penitenci\u00e1ria do Maranh\u00e3o, policial penal de carreira, desde 2017, \u00e9 advogado com especializa\u00e7\u00e3o em Direito Penal, e adota uma pol\u00edtica penal pautada na ressocializa\u00e7\u00e3o e na defesa dos direitos humanos. Al\u00e9m da experi\u00eancia que possui \u00e0 frente da pasta no Maranh\u00e3o, j\u00e1 atuou, tamb\u00e9m, no sistema prisional de Minas Gerais. Na Seara legislativa, Brandani contribuiu para a aprova\u00e7\u00e3o da PEC da Pol\u00edcia Penal no Maranh\u00e3o e para constru\u00e7\u00e3o da lei org\u00e2nica 11.342\/20 que organiza e estrutura o cargo de Pol\u00edcia Penal e o sistema penitenci\u00e1rio do Maranh\u00e3o.<\/p>\n<p>Ascom Sinspeb<\/p>\n","protected":false},"excerpt":{"rendered":"<p>Sinspeb celebra indica\u00e7\u00e3o de Rafael Velasco para comando da Secretaria Nacional de Pol\u00edticas Penais \u00a0 O Sindicato dos Servidores Penitenci\u00e1rios<\/p>\n","protected":false},"author":3,"featured_media":3147,"comment_status":"open","ping_status":"open","sticky":false,"template":"","format":"standard","meta":{"colormag_page_container_layout":"default_layout","colormag_page_sidebar_layout":"default_layout","footnotes":""},"categories":[45,1],"tags":[],"class_list":["post-3146","post","type-post","status-publish","format-standard","has-post-thumbnail","hentry","category-importante","category-noticias"],"_links":{"self":[{"href":"https:\/\/sinspeb.org.br\/index.php?rest_route=\/wp\/v2\/posts\/3146","targetHints":{"allow":["GET"]}}],"collection":[{"href":"https:\/\/sinspeb.org.br\/index.php?rest_route=\/wp\/v2\/posts"}],"about":[{"href":"https:\/\/sinspeb.org.br\/index.php?rest_route=\/wp\/v2\/types\/post"}],"author":[{"embeddable":true,"href":"https:\/\/sinspeb.org.br\/index.php?rest_route=\/wp\/v2\/users\/3"}],"replies":[{"embeddable":true,"href":"https:\/\/sinspeb.org.br\/index.php?rest_route=%2Fwp%2Fv2%2Fcomments&post=3146"}],"version-history":[{"count":1,"href":"https:\/\/sinspeb.org.br\/index.php?rest_route=\/wp\/v2\/posts\/3146\/revisions"}],"predecessor-version":[{"id":3148,"href":"https:\/\/sinspeb.org.br\/index.php?rest_route=\/wp\/v2\/posts\/3146\/revisions\/3148"}],"wp:featuredmedia":[{"embeddable":true,"href":"https:\/\/sinspeb.org.br\/index.php?rest_route=\/wp\/v2\/media\/3147"}],"wp:attachment":[{"href":"https:\/\/sinspeb.org.br\/index.php?rest_route=%2Fwp%2Fv2%2Fmedia&parent=3146"}],"wp:term":[{"taxonomy":"category","embeddable":true,"href":"https:\/\/sinspeb.org.br\/index.php?rest_route=%2Fwp%2Fv2%2Fcategories&post=3146"},{"taxonomy":"post_tag","embeddable":true,"href":"https:\/\/sinspeb.org.br\/index.php?rest_route=%2Fwp%2Fv2%2Ftags&post=3146"}],"curies":[{"name":"wp","href":"https:\/\/api.w.org\/{rel}","templated":true}]}}