{"id":3162,"date":"2023-01-21T18:51:37","date_gmt":"2023-01-21T21:51:37","guid":{"rendered":"http:\/\/sinspeb.org.br\/?p=3162"},"modified":"2023-01-21T18:54:33","modified_gmt":"2023-01-21T21:54:33","slug":"secretario-nacional-de-politicas-penais-visita-sistema-prisional-baiano","status":"publish","type":"post","link":"https:\/\/sinspeb.org.br\/?p=3162","title":{"rendered":"Secret\u00e1rio Nacional de Pol\u00edticas Penais visita sistema prisional baiano"},"content":{"rendered":"<p>Sinspeb elogia visita de Rafael Velasco ao sistema prisional baiano: &#8221; Possui compromisso real com a nossa categoria &#8221;<\/p>\n<p>O Sinspeb parabeniza a iniciativa do Secret\u00e1rio Nacional de Pol\u00edticas Penais(SENAPPEN), Rafael Velasco, em visitar, nesta semana, o Complexo Penitenci\u00e1rio de Salvador e o Conjunto Penal de Feira de Santana para conhecer in loco a realidade e as necessidades estruturais das unidades prisionais baianas. Na ocasi\u00e3o, o presidente do Sinspeb, Reivon Pimentel, entregou \u00e0 comitiva da SENAPPEN um documento contendo o principal pleito da categoria: a cria\u00e7\u00e3o e a regulamenta\u00e7\u00e3o da pol\u00edcia penal na Bahia.<\/p>\n<p>O sindicalista ressaltou que o estado \u00e9 o \u00fanico no pa\u00eds que ainda n\u00e3o implementou a pol\u00edcia penal e elogiou a escolha feita pelo ministro da Justi\u00e7a e Seguran\u00e7a P\u00fablica, Fl\u00e1vio Dino, em nomear Rafael Velasco para assumir o comando da Secretaria Nacional de Pol\u00edticas Penais.<br \/>\n&#8221; A nomea\u00e7\u00e3o de Velasco foi uma decis\u00e3o acertada e que nos enche de orgulho. Um policial penal de carreira que possui vasta experi\u00eancia com o sistema prisional brasileiro. Uma pessoa que possui compromisso real com os pleitos da categoria e com a seguran\u00e7a p\u00fablica do Brasil. Foi uma honra receber o novo representante da SENAPPEN. Velasco abra\u00e7ou nossas demandas e foi muito receptivo&#8221;, comemora Reivon Pimentel.<\/p>\n<p>Al\u00e9m do encontro com os representantes do Sinspeb, a comitiva da SENAPPEN participou de reuni\u00e3o com o governador Jer\u00f4nimo Rodrigues, o vice-governador, Geraldo J\u00fanior, o Secret\u00e1rio de Administra\u00e7\u00e3o Penitenci\u00e1ria e Ressocializa\u00e7\u00e3o, Jos\u00e9 Ant\u00f4nio Maia Gon\u00e7alves, o Secret\u00e1rio de Justi\u00e7a, Direitos humanos e Desenvolvimento Social, \u00a0Felipe Freitas, e o Secret\u00e1rio de Seguran\u00e7a P\u00fablica da Bahia, Marcelo Werner, momento em que dialogaram sobre projetos que visam promover melhorias ao atual quadro da seguran\u00e7a p\u00fablica baiana. O encontro do presidente do Sinspeb, Reivon Pimentel, com a comitiva da SENAPPEN foi articulada pelo presidente do Sindicato dos Policiais Penais do Maranh\u00e3o e diretor da Fenasppen, M\u00e1rcio Rodrigues. &#8220;Agrade\u00e7o ao companheiro M\u00e1rcio de cora\u00e7\u00e3o por ter ajudado na articula\u00e7\u00e3o da nossa conversa com Rafael. Pol\u00edcia Penal j\u00e1!&#8221;, destaca a lideran\u00e7a sindical.<\/p>\n<p>GEST\u00c3O UFC &#8211; SINSPEB<\/p>\n","protected":false},"excerpt":{"rendered":"<p>Sinspeb elogia visita de Rafael Velasco ao sistema prisional baiano: &#8221; Possui compromisso real com a nossa categoria &#8221; O<\/p>\n","protected":false},"author":3,"featured_media":3163,"comment_status":"open","ping_status":"open","sticky":false,"template":"","format":"standard","meta":{"colormag_page_container_layout":"default_layout","colormag_page_sidebar_layout":"default_layout","footnotes":""},"categories":[45,1],"tags":[],"class_list":["post-3162","post","type-post","status-publish","format-standard","has-post-thumbnail","hentry","category-importante","category-noticias"],"_links":{"self":[{"href":"https:\/\/sinspeb.org.br\/index.php?rest_route=\/wp\/v2\/posts\/3162","targetHints":{"allow":["GET"]}}],"collection":[{"href":"https:\/\/sinspeb.org.br\/index.php?rest_route=\/wp\/v2\/posts"}],"about":[{"href":"https:\/\/sinspeb.org.br\/index.php?rest_route=\/wp\/v2\/types\/post"}],"author":[{"embeddable":true,"href":"https:\/\/sinspeb.org.br\/index.php?rest_route=\/wp\/v2\/users\/3"}],"replies":[{"embeddable":true,"href":"https:\/\/sinspeb.org.br\/index.php?rest_route=%2Fwp%2Fv2%2Fcomments&post=3162"}],"version-history":[{"count":2,"href":"https:\/\/sinspeb.org.br\/index.php?rest_route=\/wp\/v2\/posts\/3162\/revisions"}],"predecessor-version":[{"id":3165,"href":"https:\/\/sinspeb.org.br\/index.php?rest_route=\/wp\/v2\/posts\/3162\/revisions\/3165"}],"wp:featuredmedia":[{"embeddable":true,"href":"https:\/\/sinspeb.org.br\/index.php?rest_route=\/wp\/v2\/media\/3163"}],"wp:attachment":[{"href":"https:\/\/sinspeb.org.br\/index.php?rest_route=%2Fwp%2Fv2%2Fmedia&parent=3162"}],"wp:term":[{"taxonomy":"category","embeddable":true,"href":"https:\/\/sinspeb.org.br\/index.php?rest_route=%2Fwp%2Fv2%2Fcategories&post=3162"},{"taxonomy":"post_tag","embeddable":true,"href":"https:\/\/sinspeb.org.br\/index.php?rest_route=%2Fwp%2Fv2%2Ftags&post=3162"}],"curies":[{"name":"wp","href":"https:\/\/api.w.org\/{rel}","templated":true}]}}