{"id":3167,"date":"2023-02-16T11:51:20","date_gmt":"2023-02-16T14:51:20","guid":{"rendered":"http:\/\/sinspeb.org.br\/?p=3167"},"modified":"2023-02-16T11:51:20","modified_gmt":"2023-02-16T14:51:20","slug":"sinspeb-entrega-pauta-de-reinvindicacoes-dos-servidores-penitenciarios-do-estado-da-bahia","status":"publish","type":"post","link":"https:\/\/sinspeb.org.br\/?p=3167","title":{"rendered":"SINSPEB entrega Pauta de Reinvindica\u00e7\u00f5es dos Servidores Penitenci\u00e1rios do Estado da Bahia"},"content":{"rendered":"<p>Em Assembleia Geral Ordin\u00e1ria do Sindicato dos Servidores Penitenci\u00e1rios do Estado da Bahia (SINSPEB) na manh\u00e3 desta ter\u00e7a-feira (14\/02), realizada no Audit\u00f3rio do SINPOJUD, os Servidores Penais avaliaram, discutiram e deliberaram sobre a Comiss\u00e3o que ir\u00e1 acompanhar os trabalhos a serem realizados pelo Conselho Fiscal, bem como deliberaram a Pauta de Reinvindica\u00e7\u00f5es a ser apresentada ao Governo.<\/p>\n<p><img decoding=\"async\" class=\"size-medium wp-image-3169 aligncenter\" src=\"http:\/\/sinspeb.org.br\/wp-content\/uploads\/2023\/02\/IMG_20230216_114036-300x166.jpg\" alt=\"\" width=\"300\" height=\"166\" srcset=\"https:\/\/sinspeb.org.br\/wp-content\/uploads\/2023\/02\/IMG_20230216_114036-300x166.jpg 300w, https:\/\/sinspeb.org.br\/wp-content\/uploads\/2023\/02\/IMG_20230216_114036-1024x567.jpg 1024w, https:\/\/sinspeb.org.br\/wp-content\/uploads\/2023\/02\/IMG_20230216_114036-768x426.jpg 768w, https:\/\/sinspeb.org.br\/wp-content\/uploads\/2023\/02\/IMG_20230216_114036-800x445.jpg 800w, https:\/\/sinspeb.org.br\/wp-content\/uploads\/2023\/02\/IMG_20230216_114036.jpg 1036w\" sizes=\"(max-width: 300px) 100vw, 300px\" \/><\/p>\n<p>&nbsp;<\/p>\n<p>Reivon Pimentel, Presidente do SINSPPEB, cumprimentou todos os presentes e esclareceu alguns questionamentos feitos pela categoria, dito isso iniciou os trabalhos com a leitura da ata da assembleia anterior (07\/02), realizado alguns ajustes no ocorrido, foi colocado em aprova\u00e7\u00e3o e assinatura da ata.<\/p>\n<p>Ato cont\u00ednuo, realizou-se discuss\u00e3o sobre a composi\u00e7\u00e3o da Comiss\u00e3o, sua atua\u00e7\u00e3o, o que preconiza o estatuto da entidade, retiradas de candidaturas, sendo deliberada e aprovada a composi\u00e7\u00e3o da Comiss\u00e3o pelos Agentes Penitenci\u00e1rios Daniel Oliveira (Aposentado), Luci Brand\u00e3o (CAE) e Jos\u00e9 Luis (HCT).<\/p>\n<p><img fetchpriority=\"high\" decoding=\"async\" class=\"size-medium wp-image-3171 aligncenter\" src=\"http:\/\/sinspeb.org.br\/wp-content\/uploads\/2023\/02\/IMG_20230216_114807-245x300.jpg\" alt=\"\" width=\"245\" height=\"300\" srcset=\"https:\/\/sinspeb.org.br\/wp-content\/uploads\/2023\/02\/IMG_20230216_114807-245x300.jpg 245w, https:\/\/sinspeb.org.br\/wp-content\/uploads\/2023\/02\/IMG_20230216_114807-837x1024.jpg 837w, https:\/\/sinspeb.org.br\/wp-content\/uploads\/2023\/02\/IMG_20230216_114807-768x940.jpg 768w, https:\/\/sinspeb.org.br\/wp-content\/uploads\/2023\/02\/IMG_20230216_114807.jpg 1080w\" sizes=\"(max-width: 245px) 100vw, 245px\" \/><\/p>\n<p>Em seguida, foi realizado o encaminhamento para inclus\u00e3o na ordem do dia a pauta constru\u00e7\u00e3o e aprova\u00e7\u00e3o da Pauta de Reinvindica\u00e7\u00f5es a ser apresentada ao Governo, sendo deliberada e aprovada, tendo como reivindica\u00e7\u00f5es primordiais, a institui\u00e7\u00e3o da Pol\u00edcia Penal, Concurso P\u00fablico, Recomposi\u00e7\u00e3o Salarial, Atualiza\u00e7\u00e3o do quantitativo do quadro de vagas na carreira penal, Regulamenta\u00e7\u00e3o e Lei Org\u00e2nica da Pol\u00edcia Penal, Majora\u00e7\u00e3o da GSP, GID e GEUSP.<\/p>\n<p>Pauta de Reinvindica\u00e7\u00f5es<\/p>\n<div style=\"width: 640px;\" class=\"wp-video\"><!--[if lt IE 9]><script>document.createElement('video');<\/script><![endif]-->\n<video class=\"wp-video-shortcode\" id=\"video-3167-1\" width=\"640\" height=\"288\" preload=\"metadata\" controls=\"controls\"><source type=\"video\/mp4\" src=\"http:\/\/sinspeb.org.br\/wp-content\/uploads\/2023\/02\/VID-20230216-WA0005-1.mp4?_=1\" \/><a href=\"http:\/\/sinspeb.org.br\/wp-content\/uploads\/2023\/02\/VID-20230216-WA0005-1.mp4\">http:\/\/sinspeb.org.br\/wp-content\/uploads\/2023\/02\/VID-20230216-WA0005-1.mp4<\/a><\/video><\/div>\n<p>&nbsp;<\/p>\n<p>Ontem, quarta feira (15\/02), foi protocolado na Casa Civil e na Secretaria de Administra\u00e7\u00e3o Penitenci\u00e1ria e Ressocializa\u00e7\u00e3o, respectivamente aos cuidados do Governador do Estado da Bahia &#8211; Jer\u00f4nimo Rodrigues (PT) e do Secret\u00e1rio da SEAP &#8211; Jos\u00e9 Ant\u00f4nio Maia, a Pauta de Reinvindica\u00e7\u00f5es dos Servidores Penitenci\u00e1rios da Bahia.<\/p>\n<p>A Gest\u00e3o UFC permanece unida, forte, atuante e a disposi\u00e7\u00e3o para o enfrentamento em defesa dos direitos dos Servidores Penitenci\u00e1rios.<\/p>\n<p>ASCOM &#8211; SINSPEB<\/p>\n<p><img decoding=\"async\" class=\"size-medium wp-image-3173 aligncenter\" src=\"http:\/\/sinspeb.org.br\/wp-content\/uploads\/2023\/02\/IMG_20230216_113156-300x216.jpg\" alt=\"\" width=\"300\" height=\"216\" srcset=\"https:\/\/sinspeb.org.br\/wp-content\/uploads\/2023\/02\/IMG_20230216_113156-300x216.jpg 300w, https:\/\/sinspeb.org.br\/wp-content\/uploads\/2023\/02\/IMG_20230216_113156-1024x738.jpg 1024w, https:\/\/sinspeb.org.br\/wp-content\/uploads\/2023\/02\/IMG_20230216_113156-768x553.jpg 768w, https:\/\/sinspeb.org.br\/wp-content\/uploads\/2023\/02\/IMG_20230216_113156.jpg 1280w\" sizes=\"(max-width: 300px) 100vw, 300px\" \/><\/p>\n<p><img loading=\"lazy\" decoding=\"async\" class=\"size-medium wp-image-3174 aligncenter\" src=\"http:\/\/sinspeb.org.br\/wp-content\/uploads\/2023\/02\/IMG-20230216-WA0004-300x225.jpg\" alt=\"\" width=\"300\" height=\"225\" srcset=\"https:\/\/sinspeb.org.br\/wp-content\/uploads\/2023\/02\/IMG-20230216-WA0004-300x225.jpg 300w, https:\/\/sinspeb.org.br\/wp-content\/uploads\/2023\/02\/IMG-20230216-WA0004-1024x770.jpg 1024w, https:\/\/sinspeb.org.br\/wp-content\/uploads\/2023\/02\/IMG-20230216-WA0004-768x577.jpg 768w, https:\/\/sinspeb.org.br\/wp-content\/uploads\/2023\/02\/IMG-20230216-WA0004.jpg 1280w\" sizes=\"(max-width: 300px) 100vw, 300px\" \/><\/p>\n<p><img loading=\"lazy\" decoding=\"async\" class=\"size-medium wp-image-3175 aligncenter\" src=\"http:\/\/sinspeb.org.br\/wp-content\/uploads\/2023\/02\/IMG-20230216-WA0002-300x222.jpg\" alt=\"\" width=\"300\" height=\"222\" srcset=\"https:\/\/sinspeb.org.br\/wp-content\/uploads\/2023\/02\/IMG-20230216-WA0002-300x222.jpg 300w, https:\/\/sinspeb.org.br\/wp-content\/uploads\/2023\/02\/IMG-20230216-WA0002-1024x758.jpg 1024w, https:\/\/sinspeb.org.br\/wp-content\/uploads\/2023\/02\/IMG-20230216-WA0002-768x569.jpg 768w, https:\/\/sinspeb.org.br\/wp-content\/uploads\/2023\/02\/IMG-20230216-WA0002.jpg 1280w\" sizes=\"(max-width: 300px) 100vw, 300px\" \/><\/p>\n<p>&nbsp;<\/p>\n","protected":false},"excerpt":{"rendered":"<p>Em Assembleia Geral Ordin\u00e1ria do Sindicato dos Servidores Penitenci\u00e1rios do Estado da Bahia (SINSPEB) na manh\u00e3 desta ter\u00e7a-feira (14\/02), realizada<\/p>\n","protected":false},"author":3,"featured_media":3169,"comment_status":"open","ping_status":"open","sticky":false,"template":"","format":"standard","meta":{"colormag_page_container_layout":"default_layout","colormag_page_sidebar_layout":"default_layout","footnotes":""},"categories":[45,1],"tags":[],"class_list":["post-3167","post","type-post","status-publish","format-standard","has-post-thumbnail","hentry","category-importante","category-noticias"],"_links":{"self":[{"href":"https:\/\/sinspeb.org.br\/index.php?rest_route=\/wp\/v2\/posts\/3167","targetHints":{"allow":["GET"]}}],"collection":[{"href":"https:\/\/sinspeb.org.br\/index.php?rest_route=\/wp\/v2\/posts"}],"about":[{"href":"https:\/\/sinspeb.org.br\/index.php?rest_route=\/wp\/v2\/types\/post"}],"author":[{"embeddable":true,"href":"https:\/\/sinspeb.org.br\/index.php?rest_route=\/wp\/v2\/users\/3"}],"replies":[{"embeddable":true,"href":"https:\/\/sinspeb.org.br\/index.php?rest_route=%2Fwp%2Fv2%2Fcomments&post=3167"}],"version-history":[{"count":2,"href":"https:\/\/sinspeb.org.br\/index.php?rest_route=\/wp\/v2\/posts\/3167\/revisions"}],"predecessor-version":[{"id":3176,"href":"https:\/\/sinspeb.org.br\/index.php?rest_route=\/wp\/v2\/posts\/3167\/revisions\/3176"}],"wp:featuredmedia":[{"embeddable":true,"href":"https:\/\/sinspeb.org.br\/index.php?rest_route=\/wp\/v2\/media\/3169"}],"wp:attachment":[{"href":"https:\/\/sinspeb.org.br\/index.php?rest_route=%2Fwp%2Fv2%2Fmedia&parent=3167"}],"wp:term":[{"taxonomy":"category","embeddable":true,"href":"https:\/\/sinspeb.org.br\/index.php?rest_route=%2Fwp%2Fv2%2Fcategories&post=3167"},{"taxonomy":"post_tag","embeddable":true,"href":"https:\/\/sinspeb.org.br\/index.php?rest_route=%2Fwp%2Fv2%2Ftags&post=3167"}],"curies":[{"name":"wp","href":"https:\/\/api.w.org\/{rel}","templated":true}]}}