{"id":3178,"date":"2023-04-29T15:28:50","date_gmt":"2023-04-29T18:28:50","guid":{"rendered":"http:\/\/sinspeb.org.br\/?p=3178"},"modified":"2023-04-29T15:30:58","modified_gmt":"2023-04-29T18:30:58","slug":"3178","status":"publish","type":"post","link":"https:\/\/sinspeb.org.br\/?p=3178","title":{"rendered":"Assembleia aprova presta\u00e7\u00e3o de contas do SINSPEB"},"content":{"rendered":"<p>Assembleia aprova presta\u00e7\u00e3o de contas do SINSPEB<\/p>\n<p>Servidores Penitenci\u00e1rios da Bahia participaram da Assembleia promovida pelo SINSPEB, na manh\u00e3 desta quarta-feira (26\/04), no audit\u00f3rio do Sindicato dos Servidores do Poder Judici\u00e1rio do Estado da Bahia (SINPOJUD), onde aprovaram a presta\u00e7\u00e3o de contas equivalente ao exerc\u00edcio 2022.<\/p>\n<p><img fetchpriority=\"high\" decoding=\"async\" class=\"size-medium wp-image-3180 aligncenter\" src=\"http:\/\/sinspeb.org.br\/wp-content\/uploads\/2023\/04\/IMG_20230428_193618_594-300x200.webp\" alt=\"\" width=\"300\" height=\"200\" srcset=\"https:\/\/sinspeb.org.br\/wp-content\/uploads\/2023\/04\/IMG_20230428_193618_594-300x200.webp 300w, https:\/\/sinspeb.org.br\/wp-content\/uploads\/2023\/04\/IMG_20230428_193618_594-1024x683.webp 1024w, https:\/\/sinspeb.org.br\/wp-content\/uploads\/2023\/04\/IMG_20230428_193618_594-768x512.webp 768w, https:\/\/sinspeb.org.br\/wp-content\/uploads\/2023\/04\/IMG_20230428_193618_594.webp 1080w\" sizes=\"(max-width: 300px) 100vw, 300px\" \/><\/p>\n<p>A Assembleia Geral Ordin\u00e1ria est\u00e1 prevista no Estatuto da entidade e sua convoca\u00e7\u00e3o foi realizada atrav\u00e9s de publica\u00e7\u00e3o no jornal de grande circula\u00e7\u00e3o do Estado, Correio da Bahia, divulga\u00e7\u00e3o nas m\u00eddias sociais do SINSPPEB e de cartazes em todas unidades prisionais.<\/p>\n<p>Na oportunidade, o Presidente do SINSPEB &#8211; Reivon Pimentel agradeceu a participa\u00e7\u00e3o de todos os presentes e destacou que a presta\u00e7\u00e3o de contas \u00e9 o retrato da pol\u00edtica de transpar\u00eancia da gest\u00e3o financeira realizada pelo sindicato.<\/p>\n<p><img decoding=\"async\" class=\"size-medium wp-image-3181 aligncenter\" src=\"http:\/\/sinspeb.org.br\/wp-content\/uploads\/2023\/04\/IMG_20230428_193618_579-300x200.webp\" alt=\"\" width=\"300\" height=\"200\" srcset=\"https:\/\/sinspeb.org.br\/wp-content\/uploads\/2023\/04\/IMG_20230428_193618_579-300x200.webp 300w, https:\/\/sinspeb.org.br\/wp-content\/uploads\/2023\/04\/IMG_20230428_193618_579-1024x683.webp 1024w, https:\/\/sinspeb.org.br\/wp-content\/uploads\/2023\/04\/IMG_20230428_193618_579-768x512.webp 768w, https:\/\/sinspeb.org.br\/wp-content\/uploads\/2023\/04\/IMG_20230428_193618_579.webp 1080w\" sizes=\"(max-width: 300px) 100vw, 300px\" \/><\/p>\n<p>Dando in\u00edcio aos trabalhos, presidindo a mesa, a Conselheira Fiscal Silvoneide Alves solicitou ao Contador &#8211; Fagner que realizasse a apresenta\u00e7\u00e3o dos balancetes, das despesas e receitas do \u00faltimo ano fiscal. Em seguida, a Conselheira comunicou que toda documenta\u00e7\u00e3o cont\u00e1bil encontra-se a disposi\u00e7\u00e3o dos associados que desejarem an\u00e1lise e iniciou a apresenta\u00e7\u00e3o do relat\u00f3rio emitido pelo Conselho Fiscal, formado tamb\u00e9m pelos Conselheiros Renson Costa e Lussandra Amorim, realizando \u00e0 leitura e pondera\u00e7\u00f5es pertinentes, sendo aberto as inscri\u00e7\u00f5es para que os associados pudessem tirar d\u00favidas.<\/p>\n<p><img decoding=\"async\" class=\"size-medium wp-image-3182 aligncenter\" src=\"http:\/\/sinspeb.org.br\/wp-content\/uploads\/2023\/04\/IMG_20230428_193618_618-300x200.webp\" alt=\"\" width=\"300\" height=\"200\" srcset=\"https:\/\/sinspeb.org.br\/wp-content\/uploads\/2023\/04\/IMG_20230428_193618_618-300x200.webp 300w, https:\/\/sinspeb.org.br\/wp-content\/uploads\/2023\/04\/IMG_20230428_193618_618-1024x683.webp 1024w, https:\/\/sinspeb.org.br\/wp-content\/uploads\/2023\/04\/IMG_20230428_193618_618-768x512.webp 768w, https:\/\/sinspeb.org.br\/wp-content\/uploads\/2023\/04\/IMG_20230428_193618_618.webp 1080w\" sizes=\"(max-width: 300px) 100vw, 300px\" \/><\/p>\n<p style=\"text-align: left;\">A Conselheira Lussandra pontuou sobre o trabalho realizado pelo Conselho Fiscal, que atuou com isen\u00e7\u00e3o, \u00e9tica e independ\u00eancia na an\u00e1lise criteriosa das contas da entidade, atrav\u00e9s dos exames atentos aos livros escriturais, registros, notas fiscais, balan\u00e7os e balancetes, dando aten\u00e7\u00e3o redobrada aos questionamentos emanados, pela categoria, nas \u00faltimas Assembleias e n\u00e3o foram identificados nenhum enriquecimento sem causa ou apropria\u00e7\u00e3o indevida, desvio de recursos e finalidades.<\/p>\n<p><img loading=\"lazy\" decoding=\"async\" class=\"size-medium wp-image-3183 aligncenter\" src=\"http:\/\/sinspeb.org.br\/wp-content\/uploads\/2023\/04\/IMG_20230428_193618_634-300x200.webp\" alt=\"\" width=\"300\" height=\"200\" srcset=\"https:\/\/sinspeb.org.br\/wp-content\/uploads\/2023\/04\/IMG_20230428_193618_634-300x200.webp 300w, https:\/\/sinspeb.org.br\/wp-content\/uploads\/2023\/04\/IMG_20230428_193618_634-1024x683.webp 1024w, https:\/\/sinspeb.org.br\/wp-content\/uploads\/2023\/04\/IMG_20230428_193618_634-768x512.webp 768w, https:\/\/sinspeb.org.br\/wp-content\/uploads\/2023\/04\/IMG_20230428_193618_634.webp 1080w\" sizes=\"(max-width: 300px) 100vw, 300px\" \/><\/p>\n<p>Diante o exposto, o Conselho Fiscal recomendou a aprova\u00e7\u00e3o das contas do ano de 2022, sob as recomenda\u00e7\u00f5es ora apresentadas, sendo validada em seguida pela plen\u00e1ria ap\u00f3s vota\u00e7\u00e3o pela maioria dos votos, tendo tr\u00eas votos contr\u00e1rios e uma absten\u00e7\u00e3o.<\/p>\n<p>Ascom &#8211; SINSPEB<\/p>\n","protected":false},"excerpt":{"rendered":"<p>Assembleia aprova presta\u00e7\u00e3o de contas do SINSPEB Servidores Penitenci\u00e1rios da Bahia participaram da Assembleia promovida pelo SINSPEB, na manh\u00e3 desta<\/p>\n","protected":false},"author":3,"featured_media":3179,"comment_status":"open","ping_status":"open","sticky":false,"template":"","format":"standard","meta":{"colormag_page_container_layout":"default_layout","colormag_page_sidebar_layout":"default_layout","footnotes":""},"categories":[45,1,6],"tags":[],"class_list":["post-3178","post","type-post","status-publish","format-standard","has-post-thumbnail","hentry","category-importante","category-noticias","category-prestacao-de-contas"],"_links":{"self":[{"href":"https:\/\/sinspeb.org.br\/index.php?rest_route=\/wp\/v2\/posts\/3178","targetHints":{"allow":["GET"]}}],"collection":[{"href":"https:\/\/sinspeb.org.br\/index.php?rest_route=\/wp\/v2\/posts"}],"about":[{"href":"https:\/\/sinspeb.org.br\/index.php?rest_route=\/wp\/v2\/types\/post"}],"author":[{"embeddable":true,"href":"https:\/\/sinspeb.org.br\/index.php?rest_route=\/wp\/v2\/users\/3"}],"replies":[{"embeddable":true,"href":"https:\/\/sinspeb.org.br\/index.php?rest_route=%2Fwp%2Fv2%2Fcomments&post=3178"}],"version-history":[{"count":3,"href":"https:\/\/sinspeb.org.br\/index.php?rest_route=\/wp\/v2\/posts\/3178\/revisions"}],"predecessor-version":[{"id":3186,"href":"https:\/\/sinspeb.org.br\/index.php?rest_route=\/wp\/v2\/posts\/3178\/revisions\/3186"}],"wp:featuredmedia":[{"embeddable":true,"href":"https:\/\/sinspeb.org.br\/index.php?rest_route=\/wp\/v2\/media\/3179"}],"wp:attachment":[{"href":"https:\/\/sinspeb.org.br\/index.php?rest_route=%2Fwp%2Fv2%2Fmedia&parent=3178"}],"wp:term":[{"taxonomy":"category","embeddable":true,"href":"https:\/\/sinspeb.org.br\/index.php?rest_route=%2Fwp%2Fv2%2Fcategories&post=3178"},{"taxonomy":"post_tag","embeddable":true,"href":"https:\/\/sinspeb.org.br\/index.php?rest_route=%2Fwp%2Fv2%2Ftags&post=3178"}],"curies":[{"name":"wp","href":"https:\/\/api.w.org\/{rel}","templated":true}]}}