{"id":3190,"date":"2023-08-17T12:56:01","date_gmt":"2023-08-17T15:56:01","guid":{"rendered":"http:\/\/sinspeb.org.br\/?p=3190"},"modified":"2023-08-17T12:56:01","modified_gmt":"2023-08-17T15:56:01","slug":"recurso-extraordinario-1162672-tema-1019-integralidade-e-paridade-retorna-a-pauta-no-stf","status":"publish","type":"post","link":"https:\/\/sinspeb.org.br\/?p=3190","title":{"rendered":"RECURSO EXTRAORDIN\u00c1RIO &#8211; 1162672 TEMA 1019 &#8211; INTEGRALIDADE E PARIDADE RETORNA A PAUTA NO STF."},"content":{"rendered":"<p>RECURSO EXTRAORDIN\u00c1RIO &#8211; 1162672 TEMA 1019 &#8211; INTEGRALIDADE E PARIDADE RETORNA A PAUTA NO STF.<\/p>\n<p>Na presente data, 16\/08, ap\u00f3s devolu\u00e7\u00e3o dos autos para julgamento, o RE 1162672 foi inclu\u00eddo na Lista 336-2023.DT, para julgamento virtual agendado para o per\u00edodo de 25\/08\/2023 a 01\/09\/2023.<\/p>\n<p>O Tema 1019 da Repercuss\u00e3o Geral do STF (Recurso Extraordin\u00e1rio n\u00ba 1.162.672\/SP), trata da integralidade e paridade para todos os servidores p\u00fablicos policiais, inclusive os da Uni\u00e3o, em decorr\u00eancia do risco da atividade profissional.<\/p>\n<p>A FENASPPEN integra o processo na qualidade de amicus curiae. Esta a\u00e7\u00e3o definir\u00e1 as regras de aposentadorias de TODOS os policiais do Brasil e deve definir o \u201cdireito de servidor p\u00fablico que exer\u00e7a atividades de risco de obter, independentemente da observ\u00e2ncia das regras de transi\u00e7\u00e3o das EC n\u00b0 41\/03 e n\u00b0 47\/05, aposentaria especial com proventos calculados com base na integralidade e na paridade&#8221; para o policial que ingressou no servi\u00e7o p\u00fablico at\u00e9 o advento da Emenda Constitucional 103\/2019. No caso da garantia paridade, o voto do Ministro Dias Toffoli, relator da mat\u00e9ria, exige a previs\u00e3o legal por parte do ente federativo ao qual esteja vinculado o policial.<\/p>\n<p>A vota\u00e7\u00e3o que seguia com o resultado de 7 favor\u00e1veis, incluindo o relator, foi suspensa no dia 30\/06\/2023, ap\u00f3s o pedido de vista do ministro Alexandre de Moraes. Seguiram o voto do relator da mat\u00e9ria, Ministro Dias Toffoli, os seguintes Ministros: Gilmar Mendes, Luiz Fux, Edson Fachin, Andr\u00e9 Mendon\u00e7a, Nunes Marques e Carmen Lucia.<\/p>\n<p>A FENASPPEN segue trabalhando ativamente para que os direitos leg\u00edtimos dos policiais quanto \u00e0 integralidade e \u00e0 paridade sejam garantidos pela Suprema Corte.<\/p>\n","protected":false},"excerpt":{"rendered":"<p>RECURSO EXTRAORDIN\u00c1RIO &#8211; 1162672 TEMA 1019 &#8211; INTEGRALIDADE E PARIDADE RETORNA A PAUTA NO STF. Na presente data, 16\/08, ap\u00f3s<\/p>\n","protected":false},"author":3,"featured_media":3191,"comment_status":"open","ping_status":"open","sticky":false,"template":"","format":"standard","meta":{"colormag_page_container_layout":"default_layout","colormag_page_sidebar_layout":"default_layout","footnotes":""},"categories":[45,1],"tags":[],"class_list":["post-3190","post","type-post","status-publish","format-standard","has-post-thumbnail","hentry","category-importante","category-noticias"],"_links":{"self":[{"href":"https:\/\/sinspeb.org.br\/index.php?rest_route=\/wp\/v2\/posts\/3190","targetHints":{"allow":["GET"]}}],"collection":[{"href":"https:\/\/sinspeb.org.br\/index.php?rest_route=\/wp\/v2\/posts"}],"about":[{"href":"https:\/\/sinspeb.org.br\/index.php?rest_route=\/wp\/v2\/types\/post"}],"author":[{"embeddable":true,"href":"https:\/\/sinspeb.org.br\/index.php?rest_route=\/wp\/v2\/users\/3"}],"replies":[{"embeddable":true,"href":"https:\/\/sinspeb.org.br\/index.php?rest_route=%2Fwp%2Fv2%2Fcomments&post=3190"}],"version-history":[{"count":1,"href":"https:\/\/sinspeb.org.br\/index.php?rest_route=\/wp\/v2\/posts\/3190\/revisions"}],"predecessor-version":[{"id":3192,"href":"https:\/\/sinspeb.org.br\/index.php?rest_route=\/wp\/v2\/posts\/3190\/revisions\/3192"}],"wp:featuredmedia":[{"embeddable":true,"href":"https:\/\/sinspeb.org.br\/index.php?rest_route=\/wp\/v2\/media\/3191"}],"wp:attachment":[{"href":"https:\/\/sinspeb.org.br\/index.php?rest_route=%2Fwp%2Fv2%2Fmedia&parent=3190"}],"wp:term":[{"taxonomy":"category","embeddable":true,"href":"https:\/\/sinspeb.org.br\/index.php?rest_route=%2Fwp%2Fv2%2Fcategories&post=3190"},{"taxonomy":"post_tag","embeddable":true,"href":"https:\/\/sinspeb.org.br\/index.php?rest_route=%2Fwp%2Fv2%2Ftags&post=3190"}],"curies":[{"name":"wp","href":"https:\/\/api.w.org\/{rel}","templated":true}]}}