{"id":3193,"date":"2023-08-23T11:18:40","date_gmt":"2023-08-23T14:18:40","guid":{"rendered":"http:\/\/sinspeb.org.br\/?p=3193"},"modified":"2023-08-23T11:20:10","modified_gmt":"2023-08-23T14:20:10","slug":"infosinspeb-pauta-de-reinvidicacoes","status":"publish","type":"post","link":"https:\/\/sinspeb.org.br\/?p=3193","title":{"rendered":"InfoSINSPEB &#8211; Pauta de Reinvidica\u00e7\u00f5es"},"content":{"rendered":"<p>\ud83d\udce3 InfoSINSPEB &#8211; Pauta de Reinvidica\u00e7\u00f5es<\/p>\n<p>O SINSPEB vem a p\u00fablico expressar a insatisfa\u00e7\u00e3o da categoria dos Policiais Penais em rela\u00e7\u00e3o \u00e0 falta de avan\u00e7os nas reivindica\u00e7\u00f5es apresentadas e cobrar um posicionamento formal do Secret\u00e1rio Jos\u00e9 Maia, titular da Secretaria de Administra\u00e7\u00e3o Penitenci\u00e1ria e Ressocializa\u00e7\u00e3o.<\/p>\n<div style=\"width: 480px;\" class=\"wp-video\"><!--[if lt IE 9]><script>document.createElement('video');<\/script><![endif]-->\n<video class=\"wp-video-shortcode\" id=\"video-3193-1\" width=\"480\" height=\"864\" preload=\"metadata\" controls=\"controls\"><source type=\"video\/mp4\" src=\"http:\/\/sinspeb.org.br\/wp-content\/uploads\/2023\/08\/VID-20230822-WA0005.mp4?_=1\" \/><a href=\"http:\/\/sinspeb.org.br\/wp-content\/uploads\/2023\/08\/VID-20230822-WA0005.mp4\">http:\/\/sinspeb.org.br\/wp-content\/uploads\/2023\/08\/VID-20230822-WA0005.mp4<\/a><\/video><\/div>\n<p>Desde o in\u00edcio do di\u00e1logo entre o SINSPEB e as autoridades competentes, diversos pontos essenciais para a melhoria das condi\u00e7\u00f5es de trabalho e valoriza\u00e7\u00e3o salarial dos Policiais Penais foram apresentados. No entanto, at\u00e9 o momento, nossa categoria n\u00e3o obteve qualquer avan\u00e7o significativo, com exce\u00e7\u00e3o da cria\u00e7\u00e3o da Pol\u00edcia Penal, que saudamos como um marco hist\u00f3rico.<\/p>\n<p>\u00c9 imprescind\u00edvel ressaltar que os Policiais Penais desempenham uma fun\u00e7\u00e3o vital para a seguran\u00e7a p\u00fablica e a ressocializa\u00e7\u00e3o das pessoas privadas de liberdade, enfrentando diariamente desafios complexos e arriscados. Nesse sentido, \u00e9 de extrema import\u00e2ncia que suas demandas sejam tratadas com a devida seriedade e celeridade.<\/p>\n<p>Diante dessa situa\u00e7\u00e3o, o SINSPEB solicita ao Secret\u00e1rio Jos\u00e9 Maia e \u00e0 Secretaria de Administra\u00e7\u00e3o Penitenci\u00e1ria e Ressocializa\u00e7\u00e3o um posicionamento formal e transparente sobre o andamento das negocia\u00e7\u00f5es e as perspectivas de atendimento das reivindica\u00e7\u00f5es dos Policiais Penais. Havendo aus\u00eancia de resposta, n\u00e3o hesitaremos em convocar uma assembleia para tra\u00e7ar os pr\u00f3ximos passos.<\/p>\n<p>Reafirmamos nosso compromisso com o di\u00e1logo construtivo e a busca por um desfecho positivo.<\/p>\n<p>A for\u00e7a da nossa uni\u00e3o \u00e9 o que nos move rumo \u00e0 conquista de melhores condi\u00e7\u00f5es de trabalho e valoriza\u00e7\u00e3o salarial e profissional.<\/p>\n<p>Juntos somos mais fortes, unidos seremos invenc\u00edveis!\ud83d\udcaa\ud83e\udd1d<\/p>\n<p>#SINSPEB<br \/>\n#PoliciaisPenais<br \/>\n#UnidosPelaCausa<br \/>\n#Pautadereinvidica\u00e7\u00f5es<\/p>\n<p>Ascom &#8211; SINSPEB<\/p>\n<p><img fetchpriority=\"high\" decoding=\"async\" class=\"size-medium wp-image-3195 aligncenter\" src=\"http:\/\/sinspeb.org.br\/wp-content\/uploads\/2023\/08\/IMG_20230823_110137-207x300.jpg\" alt=\"\" width=\"207\" height=\"300\" srcset=\"https:\/\/sinspeb.org.br\/wp-content\/uploads\/2023\/08\/IMG_20230823_110137-207x300.jpg 207w, https:\/\/sinspeb.org.br\/wp-content\/uploads\/2023\/08\/IMG_20230823_110137-706x1024.jpg 706w, https:\/\/sinspeb.org.br\/wp-content\/uploads\/2023\/08\/IMG_20230823_110137-768x1114.jpg 768w, https:\/\/sinspeb.org.br\/wp-content\/uploads\/2023\/08\/IMG_20230823_110137-1059x1536.jpg 1059w, https:\/\/sinspeb.org.br\/wp-content\/uploads\/2023\/08\/IMG_20230823_110137.jpg 1080w\" sizes=\"(max-width: 207px) 100vw, 207px\" \/> <img decoding=\"async\" class=\"size-medium wp-image-3196 aligncenter\" src=\"http:\/\/sinspeb.org.br\/wp-content\/uploads\/2023\/08\/IMG_20230823_110113-205x300.jpg\" alt=\"\" width=\"205\" height=\"300\" srcset=\"https:\/\/sinspeb.org.br\/wp-content\/uploads\/2023\/08\/IMG_20230823_110113-205x300.jpg 205w, https:\/\/sinspeb.org.br\/wp-content\/uploads\/2023\/08\/IMG_20230823_110113-699x1024.jpg 699w, https:\/\/sinspeb.org.br\/wp-content\/uploads\/2023\/08\/IMG_20230823_110113-768x1126.jpg 768w, https:\/\/sinspeb.org.br\/wp-content\/uploads\/2023\/08\/IMG_20230823_110113-1048x1536.jpg 1048w, https:\/\/sinspeb.org.br\/wp-content\/uploads\/2023\/08\/IMG_20230823_110113.jpg 1076w\" sizes=\"(max-width: 205px) 100vw, 205px\" \/><\/p>\n","protected":false},"excerpt":{"rendered":"<p>\ud83d\udce3 InfoSINSPEB &#8211; Pauta de Reinvidica\u00e7\u00f5es O SINSPEB vem a p\u00fablico expressar a insatisfa\u00e7\u00e3o da categoria dos Policiais Penais em<\/p>\n","protected":false},"author":3,"featured_media":0,"comment_status":"open","ping_status":"open","sticky":false,"template":"","format":"standard","meta":{"colormag_page_container_layout":"default_layout","colormag_page_sidebar_layout":"default_layout","footnotes":""},"categories":[45,1],"tags":[],"class_list":["post-3193","post","type-post","status-publish","format-standard","hentry","category-importante","category-noticias"],"_links":{"self":[{"href":"https:\/\/sinspeb.org.br\/index.php?rest_route=\/wp\/v2\/posts\/3193","targetHints":{"allow":["GET"]}}],"collection":[{"href":"https:\/\/sinspeb.org.br\/index.php?rest_route=\/wp\/v2\/posts"}],"about":[{"href":"https:\/\/sinspeb.org.br\/index.php?rest_route=\/wp\/v2\/types\/post"}],"author":[{"embeddable":true,"href":"https:\/\/sinspeb.org.br\/index.php?rest_route=\/wp\/v2\/users\/3"}],"replies":[{"embeddable":true,"href":"https:\/\/sinspeb.org.br\/index.php?rest_route=%2Fwp%2Fv2%2Fcomments&post=3193"}],"version-history":[{"count":1,"href":"https:\/\/sinspeb.org.br\/index.php?rest_route=\/wp\/v2\/posts\/3193\/revisions"}],"predecessor-version":[{"id":3197,"href":"https:\/\/sinspeb.org.br\/index.php?rest_route=\/wp\/v2\/posts\/3193\/revisions\/3197"}],"wp:attachment":[{"href":"https:\/\/sinspeb.org.br\/index.php?rest_route=%2Fwp%2Fv2%2Fmedia&parent=3193"}],"wp:term":[{"taxonomy":"category","embeddable":true,"href":"https:\/\/sinspeb.org.br\/index.php?rest_route=%2Fwp%2Fv2%2Fcategories&post=3193"},{"taxonomy":"post_tag","embeddable":true,"href":"https:\/\/sinspeb.org.br\/index.php?rest_route=%2Fwp%2Fv2%2Ftags&post=3193"}],"curies":[{"name":"wp","href":"https:\/\/api.w.org\/{rel}","templated":true}]}}