{"id":3199,"date":"2023-09-03T11:27:40","date_gmt":"2023-09-03T14:27:40","guid":{"rendered":"http:\/\/sinspeb.org.br\/?p=3199"},"modified":"2023-09-03T11:27:40","modified_gmt":"2023-09-03T14:27:40","slug":"integralidade-e-paridade-na-aposentadoria-policial","status":"publish","type":"post","link":"https:\/\/sinspeb.org.br\/?p=3199","title":{"rendered":"Integralidade e Paridade na aposentadoria Policial"},"content":{"rendered":"<p>\u00c9 com grande entusiasmo que compartilhamos uma not\u00edcia que merece ser celebrada por todos n\u00f3s! Hoje, podemos afirmar com orgulho que alcan\u00e7amos mais uma vit\u00f3ria em nossa jornada por reconhecimento e justi\u00e7a.<\/p>\n<p>O Supremo Tribunal Federal, em uma decis\u00e3o hist\u00f3rica, confirmou o que h\u00e1 muito tempo almej\u00e1vamos. Por unanimidade, os 10 ministros da Corte acompanharam o relator, Ministro Dias Toffoli, na tese do julgamento do RE 1.162.672 (Tema 1019). Esta decis\u00e3o determina que todos os policiais penais que ingressaram at\u00e9 12 de novembro de 2019, data da promulga\u00e7\u00e3o da EC 103 &#8211; Reforma da Previd\u00eancia, t\u00eam o direito merecido \u00e0 integralidade e paridade na aposentadoria.<\/p>\n<p>O trabalho \u00e1rduo e \u00e0 dedica\u00e7\u00e3o incans\u00e1vel de cada um de n\u00f3s, que demonstramos ao longo dos anos, est\u00e3o sendo reconhecidos na mais alta inst\u00e2ncia jur\u00eddica do pa\u00eds.<\/p>\n<p>Lembramos que a paridade requer uma Lei Complementar, e nossa batalha continua nesse sentido. Devemos permanecer unidos e engajados para assegurar que nossos direitos sejam plenamente respeitados e implementados.<\/p>\n<p>Parab\u00e9ns a todos os Policiais Penais do Brasil por esta vit\u00f3ria! Vamos continuar a nossa luta, com resili\u00eancia e determina\u00e7\u00e3o, em busca de um futuro ainda mais promissor para nossa categoria.<\/p>\n<p>Juntos somos fortes, unidos seremos invenc\u00edveis!<\/p>\n<p>Ascom &#8211; SINSPEB<\/p>\n","protected":false},"excerpt":{"rendered":"<p>\u00c9 com grande entusiasmo que compartilhamos uma not\u00edcia que merece ser celebrada por todos n\u00f3s! Hoje, podemos afirmar com orgulho<\/p>\n","protected":false},"author":3,"featured_media":3200,"comment_status":"open","ping_status":"open","sticky":false,"template":"","format":"standard","meta":{"colormag_page_container_layout":"default_layout","colormag_page_sidebar_layout":"default_layout","footnotes":""},"categories":[45,1],"tags":[],"class_list":["post-3199","post","type-post","status-publish","format-standard","has-post-thumbnail","hentry","category-importante","category-noticias"],"_links":{"self":[{"href":"https:\/\/sinspeb.org.br\/index.php?rest_route=\/wp\/v2\/posts\/3199","targetHints":{"allow":["GET"]}}],"collection":[{"href":"https:\/\/sinspeb.org.br\/index.php?rest_route=\/wp\/v2\/posts"}],"about":[{"href":"https:\/\/sinspeb.org.br\/index.php?rest_route=\/wp\/v2\/types\/post"}],"author":[{"embeddable":true,"href":"https:\/\/sinspeb.org.br\/index.php?rest_route=\/wp\/v2\/users\/3"}],"replies":[{"embeddable":true,"href":"https:\/\/sinspeb.org.br\/index.php?rest_route=%2Fwp%2Fv2%2Fcomments&post=3199"}],"version-history":[{"count":1,"href":"https:\/\/sinspeb.org.br\/index.php?rest_route=\/wp\/v2\/posts\/3199\/revisions"}],"predecessor-version":[{"id":3201,"href":"https:\/\/sinspeb.org.br\/index.php?rest_route=\/wp\/v2\/posts\/3199\/revisions\/3201"}],"wp:featuredmedia":[{"embeddable":true,"href":"https:\/\/sinspeb.org.br\/index.php?rest_route=\/wp\/v2\/media\/3200"}],"wp:attachment":[{"href":"https:\/\/sinspeb.org.br\/index.php?rest_route=%2Fwp%2Fv2%2Fmedia&parent=3199"}],"wp:term":[{"taxonomy":"category","embeddable":true,"href":"https:\/\/sinspeb.org.br\/index.php?rest_route=%2Fwp%2Fv2%2Fcategories&post=3199"},{"taxonomy":"post_tag","embeddable":true,"href":"https:\/\/sinspeb.org.br\/index.php?rest_route=%2Fwp%2Fv2%2Ftags&post=3199"}],"curies":[{"name":"wp","href":"https:\/\/api.w.org\/{rel}","templated":true}]}}