{"id":3221,"date":"2023-10-24T12:44:57","date_gmt":"2023-10-24T15:44:57","guid":{"rendered":"http:\/\/sinspeb.org.br\/?p=3221"},"modified":"2023-10-24T12:44:57","modified_gmt":"2023-10-24T15:44:57","slug":"identidade-funcional-da-policia-penal","status":"publish","type":"post","link":"https:\/\/sinspeb.org.br\/?p=3221","title":{"rendered":"Identidade Funcional da Pol\u00edcia Penal"},"content":{"rendered":"<p>\u00c9 com grande satisfa\u00e7\u00e3o que comunicamos aos Policiais Penais do Brasil que, conforme previsto na Lei do Sistema \u00danico de Seguran\u00e7a P\u00fablica (SUSP), foi publicada a Portaria MJSP N\u00ba 513, no Di\u00e1rio Oficial da Uni\u00e3o, nesta data 24 de outubro de 2023, que padroniza a identidade funcional da Pol\u00edcia Penal em \u00e2mbito federal, estadual e no Distrito Federal.<\/p>\n<p><img fetchpriority=\"high\" decoding=\"async\" class=\"size-medium wp-image-3222 aligncenter\" src=\"http:\/\/sinspeb.org.br\/wp-content\/uploads\/2023\/10\/Blue-and-Yellow-Grunge-Identity-Music-Album-Cover_20231024_115317_0000-300x300.jpg\" alt=\"\" width=\"300\" height=\"300\" srcset=\"https:\/\/sinspeb.org.br\/wp-content\/uploads\/2023\/10\/Blue-and-Yellow-Grunge-Identity-Music-Album-Cover_20231024_115317_0000-300x300.jpg 300w, https:\/\/sinspeb.org.br\/wp-content\/uploads\/2023\/10\/Blue-and-Yellow-Grunge-Identity-Music-Album-Cover_20231024_115317_0000-1024x1024.jpg 1024w, https:\/\/sinspeb.org.br\/wp-content\/uploads\/2023\/10\/Blue-and-Yellow-Grunge-Identity-Music-Album-Cover_20231024_115317_0000-150x150.jpg 150w, https:\/\/sinspeb.org.br\/wp-content\/uploads\/2023\/10\/Blue-and-Yellow-Grunge-Identity-Music-Album-Cover_20231024_115317_0000-768x768.jpg 768w, https:\/\/sinspeb.org.br\/wp-content\/uploads\/2023\/10\/Blue-and-Yellow-Grunge-Identity-Music-Album-Cover_20231024_115317_0000.jpg 1400w\" sizes=\"(max-width: 300px) 100vw, 300px\" \/><\/p>\n<p>Essa conquista \u00e9 fruto de uma batalha que durou seis anos, na qual as entidades sindicais e os dedicados Policiais Penais se uniram em um esfor\u00e7o incans\u00e1vel para ver esse sonho se concretizar. Hoje, celebramos essa vit\u00f3ria com grande alegria e orgulho, mas sabemos que nossa jornada n\u00e3o termina aqui.<\/p>\n<p>\u00c9 hora de nos unirmos ainda mais, de manter o engajamento e continuar lutando pela t\u00e3o almejada Lei Org\u00e2nica Nacional da Pol\u00edcia Penal.<\/p>\n<p>Juntos, somos capazes de alcan\u00e7ar novos patamares e conquistar um futuro melhor para nossa categoria e para a sociedade que juramos proteger.<\/p>\n<p>Que essa vit\u00f3ria nos inspire a seguir adiante com ainda mais determina\u00e7\u00e3o e coragem. Avante, Policiais Penais do Brasil!<\/p>\n<p>Ascom &#8211; SINSPEB<\/p>\n","protected":false},"excerpt":{"rendered":"<p>\u00c9 com grande satisfa\u00e7\u00e3o que comunicamos aos Policiais Penais do Brasil que, conforme previsto na Lei do Sistema \u00danico de<\/p>\n","protected":false},"author":3,"featured_media":3222,"comment_status":"open","ping_status":"open","sticky":false,"template":"","format":"standard","meta":{"colormag_page_container_layout":"default_layout","colormag_page_sidebar_layout":"default_layout","footnotes":""},"categories":[45,1],"tags":[],"class_list":["post-3221","post","type-post","status-publish","format-standard","has-post-thumbnail","hentry","category-importante","category-noticias"],"_links":{"self":[{"href":"https:\/\/sinspeb.org.br\/index.php?rest_route=\/wp\/v2\/posts\/3221","targetHints":{"allow":["GET"]}}],"collection":[{"href":"https:\/\/sinspeb.org.br\/index.php?rest_route=\/wp\/v2\/posts"}],"about":[{"href":"https:\/\/sinspeb.org.br\/index.php?rest_route=\/wp\/v2\/types\/post"}],"author":[{"embeddable":true,"href":"https:\/\/sinspeb.org.br\/index.php?rest_route=\/wp\/v2\/users\/3"}],"replies":[{"embeddable":true,"href":"https:\/\/sinspeb.org.br\/index.php?rest_route=%2Fwp%2Fv2%2Fcomments&post=3221"}],"version-history":[{"count":1,"href":"https:\/\/sinspeb.org.br\/index.php?rest_route=\/wp\/v2\/posts\/3221\/revisions"}],"predecessor-version":[{"id":3223,"href":"https:\/\/sinspeb.org.br\/index.php?rest_route=\/wp\/v2\/posts\/3221\/revisions\/3223"}],"wp:featuredmedia":[{"embeddable":true,"href":"https:\/\/sinspeb.org.br\/index.php?rest_route=\/wp\/v2\/media\/3222"}],"wp:attachment":[{"href":"https:\/\/sinspeb.org.br\/index.php?rest_route=%2Fwp%2Fv2%2Fmedia&parent=3221"}],"wp:term":[{"taxonomy":"category","embeddable":true,"href":"https:\/\/sinspeb.org.br\/index.php?rest_route=%2Fwp%2Fv2%2Fcategories&post=3221"},{"taxonomy":"post_tag","embeddable":true,"href":"https:\/\/sinspeb.org.br\/index.php?rest_route=%2Fwp%2Fv2%2Ftags&post=3221"}],"curies":[{"name":"wp","href":"https:\/\/api.w.org\/{rel}","templated":true}]}}