{"id":326,"date":"2019-09-09T15:06:23","date_gmt":"2019-09-09T18:06:23","guid":{"rendered":"http:\/\/sinspeb.org.br\/?p=326"},"modified":"2019-09-09T16:58:51","modified_gmt":"2019-09-09T19:58:51","slug":"diretoria-do-sinspeb-solicita-apoio-parlamentar-a-aprovacao-da-pec-372-2017-em-brasilia","status":"publish","type":"post","link":"https:\/\/sinspeb.org.br\/?p=326","title":{"rendered":"Diretoria do SINSPEB solicita apoio parlamentar \u00e0 aprova\u00e7\u00e3o da PEC 372\/2017, em Bras\u00edlia"},"content":{"rendered":"<p><img fetchpriority=\"high\" decoding=\"async\" src=\"http:\/\/sinspeb.org.br\/wp-content\/uploads\/2019\/09\/IMG-20190903-WA0096-300x225.jpg\" alt=\"\" width=\"400\" height=\"300\" class=\"aligncenter size-medium wp-image-327\" srcset=\"https:\/\/sinspeb.org.br\/wp-content\/uploads\/2019\/09\/IMG-20190903-WA0096-300x225.jpg 300w, https:\/\/sinspeb.org.br\/wp-content\/uploads\/2019\/09\/IMG-20190903-WA0096-768x576.jpg 768w, https:\/\/sinspeb.org.br\/wp-content\/uploads\/2019\/09\/IMG-20190903-WA0096-1024x768.jpg 1024w, https:\/\/sinspeb.org.br\/wp-content\/uploads\/2019\/09\/IMG-20190903-WA0096.jpg 1280w\" sizes=\"(max-width: 400px) 100vw, 400px\" \/><\/p>\n<p>Durante viagem \u00e0 Bras\u00edlia, diretoria do SINSPEB solicita apoio parlamentar \u00e0 aprova\u00e7\u00e3o da PEC 372\/2017 <\/p>\n<p>A visita aos gabinetes foi mais uma das a\u00e7\u00f5es da comitiva do SINSPEB na capital do pa\u00eds.<\/p>\n<p>Durante viagem \u00e0 Bras\u00edlia, diretores do SINSPEB visitaram gabinetes de Deputados Federais em busca de apoio \u00e0 luta pela aprova\u00e7\u00e3o da PEC 372 \/2017 que criar\u00e1 a  Pol\u00edcia Penal no pa\u00eds.<\/p>\n<p>Representantes do sindicato conversaram com a ex-Senadora e atual Deputada Federal, L\u00eddice da Mata (PSB-BA), que  reafirmou  compromisso com a aprova\u00e7\u00e3o da PEC 372\/2017 e garantiu que ir\u00e1 solicitar ao l\u00edder do PSB, Deputado Federal Tadeu Alencar (PSB-BA), mais conhecido como &#8221; Capit\u00e3o Tadeu&#8221;,  que requeira na reuni\u00e3o de l\u00edderes a inclus\u00e3o da PEC 372\/2017 na ordem do dia para vota\u00e7\u00e3o na C\u00e2mara dos Deputados. &#8221; Quando L\u00eddice foi senadora saiu em  defesa da  PEC 14\/ 2016  exercendo papel de destaque para a aprova\u00e7\u00e3o da mat\u00e9ria por unanimidade em dois turnos de vota\u00e7\u00e3o no Senado Federal e agora acabou de  frisar que vai nos ajudar tamb\u00e9m com a PEC 372\/2017&#8243;, pontuou o Presidente do SINSPEB, Reivon Pimentel.<\/p>\n<figure id=\"attachment_390\" aria-describedby=\"caption-attachment-390\" style=\"width: 300px\" class=\"wp-caption aligncenter\"><img decoding=\"async\" src=\"http:\/\/sinspeb.org.br\/wp-content\/uploads\/2019\/09\/IMG-20190903-WA0073-300x225.jpg\" alt=\"\" width=\"300\" height=\"225\" class=\"size-medium wp-image-390\" srcset=\"https:\/\/sinspeb.org.br\/wp-content\/uploads\/2019\/09\/IMG-20190903-WA0073-300x225.jpg 300w, https:\/\/sinspeb.org.br\/wp-content\/uploads\/2019\/09\/IMG-20190903-WA0073-768x576.jpg 768w, https:\/\/sinspeb.org.br\/wp-content\/uploads\/2019\/09\/IMG-20190903-WA0073-1024x768.jpg 1024w, https:\/\/sinspeb.org.br\/wp-content\/uploads\/2019\/09\/IMG-20190903-WA0073.jpg 1280w\" sizes=\"(max-width: 300px) 100vw, 300px\" \/><figcaption id=\"caption-attachment-390\" class=\"wp-caption-text\">SINSPEB e o Pres. Fernando Anuncia\u00e7\u00e3o (FENASPEN)<\/figcaption><\/figure>\n<p>Al\u00e9m de L\u00eddice da Mata, a  comitiva do SINSPEB composta pelo Presidente &#8211; Reivon Pimentel, Coordenador de Finan\u00e7as &#8211; Anderson Alburquerque, Coordenadora de Comunica\u00e7\u00e3o e Imprensa &#8211; Cristina Arredondo, Coordenador de Eventos e Promo\u00e7\u00e3o &#8211; Jorge Bastos, e a  Conselheira Fiscal &#8211; Lidiane Souza, dialogou e pediu apoio aos parlamentares Adolfo Viana (PSDB-BA),  Z\u00e9 Neto (PT-BA), Nelson Pelegrino (PT-BA), Pastor Sargento Isid\u00f3rio (AVANTE-BA) e Jorge Solla (PT-BA), todos reafirmaram o apoio \u00e0 cria\u00e7\u00e3o da  Pol\u00edcia Penal e se comprometeram a levarem o pleito da categoria aos seus respectivos l\u00edderes partid\u00e1rios.<\/p>\n<figure id=\"attachment_100\" aria-describedby=\"caption-attachment-100\" style=\"width: 300px\" class=\"wp-caption aligncenter\"><img decoding=\"async\" src=\"http:\/\/sinspeb.org.br\/wp-content\/uploads\/2019\/09\/IMG_20190903_171743057-300x225.jpg\" alt=\"\" width=\"300\" height=\"225\" class=\"size-medium wp-image-331\" srcset=\"https:\/\/sinspeb.org.br\/wp-content\/uploads\/2019\/09\/IMG_20190903_171743057-300x225.jpg 300w, https:\/\/sinspeb.org.br\/wp-content\/uploads\/2019\/09\/IMG_20190903_171743057-768x576.jpg 768w, https:\/\/sinspeb.org.br\/wp-content\/uploads\/2019\/09\/IMG_20190903_171743057-1024x768.jpg 1024w\" sizes=\"(max-width: 300px) 100vw, 300px\" \/><figcaption id=\"caption-attachment-100\" class=\"wp-caption-text\">Dep. Federal Nelson Pellegrino (PT-BA)<\/figcaption><\/figure>\n<p>Al\u00e9m do contato com os parlamentares baianos, os representantes do SINSPEB juntamente com o Presidente Fernando Anuncia\u00e7\u00e3o e Diretores da FENASPEN, percorreram gabinetes de v\u00e1rios l\u00edderes de partidos onde obtiveram apoios importantes em defesa da aprova\u00e7\u00e3o da PEC 372\/17 que criar\u00e1 a Pol\u00edcia Penal Federal, Distrital e Estaduais.<\/p>\n<figure id=\"attachment_348\" aria-describedby=\"caption-attachment-348\" style=\"width: 300px\" class=\"wp-caption aligncenter\"><img loading=\"lazy\" decoding=\"async\" src=\"http:\/\/sinspeb.org.br\/wp-content\/uploads\/2019\/09\/IMG_20190904_180724039-300x225.jpg\" alt=\"\" width=\"300\" height=\"225\" class=\"size-medium wp-image-348\" srcset=\"https:\/\/sinspeb.org.br\/wp-content\/uploads\/2019\/09\/IMG_20190904_180724039-300x225.jpg 300w, https:\/\/sinspeb.org.br\/wp-content\/uploads\/2019\/09\/IMG_20190904_180724039-768x576.jpg 768w, https:\/\/sinspeb.org.br\/wp-content\/uploads\/2019\/09\/IMG_20190904_180724039-1024x768.jpg 1024w\" sizes=\"(max-width: 300px) 100vw, 300px\" \/><figcaption id=\"caption-attachment-348\" class=\"wp-caption-text\">Plen\u00e1ria<\/figcaption><\/figure>\n<p>O Presidente Rodrigo Maia disse que colocar\u00e1 a PEC 372\/17 em vota\u00e7\u00e3o e garantiu que est\u00e1 faltando apenas o alinhamento com as lideran\u00e7as partid\u00e1rias na reuni\u00e3o de l\u00edderes.<\/p>\n<p>Sindicato forte, categoria vitoriosa!<\/p>\n<p>Ascom &#8211; SINSPEB<\/p>\n","protected":false},"excerpt":{"rendered":"<p>Durante viagem \u00e0 Bras\u00edlia, diretoria do SINSPEB solicita apoio parlamentar \u00e0 aprova\u00e7\u00e3o da PEC 372\/2017 A visita aos gabinetes foi<\/p>\n","protected":false},"author":1,"featured_media":0,"comment_status":"open","ping_status":"open","sticky":false,"template":"","format":"standard","meta":{"colormag_page_container_layout":"default_layout","colormag_page_sidebar_layout":"default_layout","footnotes":""},"categories":[1],"tags":[],"class_list":["post-326","post","type-post","status-publish","format-standard","hentry","category-noticias"],"_links":{"self":[{"href":"https:\/\/sinspeb.org.br\/index.php?rest_route=\/wp\/v2\/posts\/326","targetHints":{"allow":["GET"]}}],"collection":[{"href":"https:\/\/sinspeb.org.br\/index.php?rest_route=\/wp\/v2\/posts"}],"about":[{"href":"https:\/\/sinspeb.org.br\/index.php?rest_route=\/wp\/v2\/types\/post"}],"author":[{"embeddable":true,"href":"https:\/\/sinspeb.org.br\/index.php?rest_route=\/wp\/v2\/users\/1"}],"replies":[{"embeddable":true,"href":"https:\/\/sinspeb.org.br\/index.php?rest_route=%2Fwp%2Fv2%2Fcomments&post=326"}],"version-history":[{"count":34,"href":"https:\/\/sinspeb.org.br\/index.php?rest_route=\/wp\/v2\/posts\/326\/revisions"}],"predecessor-version":[{"id":374,"href":"https:\/\/sinspeb.org.br\/index.php?rest_route=\/wp\/v2\/posts\/326\/revisions\/374"}],"wp:attachment":[{"href":"https:\/\/sinspeb.org.br\/index.php?rest_route=%2Fwp%2Fv2%2Fmedia&parent=326"}],"wp:term":[{"taxonomy":"category","embeddable":true,"href":"https:\/\/sinspeb.org.br\/index.php?rest_route=%2Fwp%2Fv2%2Fcategories&post=326"},{"taxonomy":"post_tag","embeddable":true,"href":"https:\/\/sinspeb.org.br\/index.php?rest_route=%2Fwp%2Fv2%2Ftags&post=326"}],"curies":[{"name":"wp","href":"https:\/\/api.w.org\/{rel}","templated":true}]}}