{"id":3283,"date":"2025-04-14T18:30:40","date_gmt":"2025-04-14T21:30:40","guid":{"rendered":"https:\/\/sinspeb.org.br\/?p=3283"},"modified":"2025-04-14T18:30:40","modified_gmt":"2025-04-14T21:30:40","slug":"convocacao-prestacao-de-contas","status":"publish","type":"post","link":"https:\/\/sinspeb.org.br\/?p=3283","title":{"rendered":"Convoca\u00e7\u00e3o &#8211; Presta\u00e7\u00e3o de Contas"},"content":{"rendered":"<p>CONVOCA\u00c7\u00c3O SINPPSPEB<\/p>\n<p>Policiais Penais e Servidores Penitenci\u00e1rios Ativos e Aposentados da Bahia<\/p>\n<p>O SINPPSPEB \u2013 Sindicato dos Policiais Penais e Servidores Penitenci\u00e1rios do Estado da Bahia \u2013 convoca todos os filiados em dia com suas obriga\u00e7\u00f5es estatut\u00e1rias, ativos e aposentados, para participarem da Assembleia Geral Ordin\u00e1ria de Presta\u00e7\u00e3o de Contas do Exerc\u00edcio 2024.<\/p>\n<p>Data: 23 de abril de 2025 (quarta-feira)<\/p>\n<p>Hor\u00e1rio: 08h30 (1\u00aa convoca\u00e7\u00e3o) | 09h00 (2\u00aa convoca\u00e7\u00e3o)<\/p>\n<p>Local: Audit\u00f3rio do SINDHOT\u00c9IS \u2013 Rua da Fa\u00edsca, n\u00ba 31, Dois de Julho, Salvador-BA<\/p>\n<p>Este \u00e9 um momento fundamental para a nossa categoria! A uni\u00e3o sindical e a atua\u00e7\u00e3o firme da gest\u00e3o UFC t\u00eam garantido avan\u00e7os concretos para os policiais penais baianos. Compare\u00e7a, acompanhe de perto as a\u00e7\u00f5es do seu sindicato e fortale\u00e7a a luta coletiva.<\/p>\n<p>Transpar\u00eancia, compromisso e uni\u00e3o fazem a diferen\u00e7a.<\/p>\n<p>Contamos com sua presen\u00e7a!<\/p>\n<p>REIVON SOUZA PIMENTEL<\/p>\n<p>Presidente \u2013 SINPPSPEB<\/p>\n","protected":false},"excerpt":{"rendered":"<p>CONVOCA\u00c7\u00c3O SINPPSPEB Policiais Penais e Servidores Penitenci\u00e1rios Ativos e Aposentados da Bahia O SINPPSPEB \u2013 Sindicato dos Policiais Penais e<\/p>\n","protected":false},"author":3,"featured_media":3284,"comment_status":"open","ping_status":"open","sticky":false,"template":"","format":"standard","meta":{"colormag_page_container_layout":"default_layout","colormag_page_sidebar_layout":"default_layout","footnotes":""},"categories":[71,2,45,1,36,6],"tags":[],"class_list":["post-3283","post","type-post","status-publish","format-standard","has-post-thumbnail","hentry","category-boletins-informativos","category-eventos","category-importante","category-noticias","category-noticias-recentes","category-prestacao-de-contas"],"_links":{"self":[{"href":"https:\/\/sinspeb.org.br\/index.php?rest_route=\/wp\/v2\/posts\/3283","targetHints":{"allow":["GET"]}}],"collection":[{"href":"https:\/\/sinspeb.org.br\/index.php?rest_route=\/wp\/v2\/posts"}],"about":[{"href":"https:\/\/sinspeb.org.br\/index.php?rest_route=\/wp\/v2\/types\/post"}],"author":[{"embeddable":true,"href":"https:\/\/sinspeb.org.br\/index.php?rest_route=\/wp\/v2\/users\/3"}],"replies":[{"embeddable":true,"href":"https:\/\/sinspeb.org.br\/index.php?rest_route=%2Fwp%2Fv2%2Fcomments&post=3283"}],"version-history":[{"count":1,"href":"https:\/\/sinspeb.org.br\/index.php?rest_route=\/wp\/v2\/posts\/3283\/revisions"}],"predecessor-version":[{"id":3285,"href":"https:\/\/sinspeb.org.br\/index.php?rest_route=\/wp\/v2\/posts\/3283\/revisions\/3285"}],"wp:featuredmedia":[{"embeddable":true,"href":"https:\/\/sinspeb.org.br\/index.php?rest_route=\/wp\/v2\/media\/3284"}],"wp:attachment":[{"href":"https:\/\/sinspeb.org.br\/index.php?rest_route=%2Fwp%2Fv2%2Fmedia&parent=3283"}],"wp:term":[{"taxonomy":"category","embeddable":true,"href":"https:\/\/sinspeb.org.br\/index.php?rest_route=%2Fwp%2Fv2%2Fcategories&post=3283"},{"taxonomy":"post_tag","embeddable":true,"href":"https:\/\/sinspeb.org.br\/index.php?rest_route=%2Fwp%2Fv2%2Ftags&post=3283"}],"curies":[{"name":"wp","href":"https:\/\/api.w.org\/{rel}","templated":true}]}}