{"id":3303,"date":"2025-09-22T11:42:22","date_gmt":"2025-09-22T14:42:22","guid":{"rendered":"https:\/\/sinspeb.org.br\/?p=3303"},"modified":"2025-09-22T11:42:22","modified_gmt":"2025-09-22T14:42:22","slug":"convocacao-para-assembleia-composicao-da-comissao-eleitoral","status":"publish","type":"post","link":"https:\/\/sinspeb.org.br\/?p=3303","title":{"rendered":"Convoca\u00e7\u00e3o para Assembleia &#8211; Composi\u00e7\u00e3o da Comiss\u00e3o Eleitoral"},"content":{"rendered":"<div dir=\"auto\" style=\"text-align: center;\"><img fetchpriority=\"high\" decoding=\"async\" class=\"alignnone size-medium wp-image-3304\" src=\"http:\/\/sinspeb.org.br\/wp-content\/uploads\/2025\/09\/IMG-20250920-WA0027-300x300.jpg\" alt=\"\" width=\"300\" height=\"300\" srcset=\"https:\/\/sinspeb.org.br\/wp-content\/uploads\/2025\/09\/IMG-20250920-WA0027-300x300.jpg 300w, https:\/\/sinspeb.org.br\/wp-content\/uploads\/2025\/09\/IMG-20250920-WA0027-1024x1024.jpg 1024w, https:\/\/sinspeb.org.br\/wp-content\/uploads\/2025\/09\/IMG-20250920-WA0027-150x150.jpg 150w, https:\/\/sinspeb.org.br\/wp-content\/uploads\/2025\/09\/IMG-20250920-WA0027-768x768.jpg 768w, https:\/\/sinspeb.org.br\/wp-content\/uploads\/2025\/09\/IMG-20250920-WA0027.jpg 1080w\" sizes=\"(max-width: 300px) 100vw, 300px\" \/><\/div>\n<div dir=\"auto\"><\/div>\n<div dir=\"auto\"><\/div>\n<div dir=\"auto\">Convoca\u00e7\u00e3o para Assembleia Geral Extraordin\u00e1ria:\u00a0A For\u00e7a do Nosso Sindicato Depende de Voc\u00ea!<\/div>\n<div dir=\"auto\"><\/div>\n<div dir=\"auto\"><\/div>\n<div dir=\"auto\">Companheiros e companheiras do Sindicato dos Policiais Penais e Servidores Penitenci\u00e1rios do Estado da Bahia \u2013 SINPPSPEB<\/div>\n<div dir=\"auto\"><\/div>\n<div dir=\"auto\"><\/div>\n<div dir=\"auto\">\u00c9 com grande responsabilidade que convocamos todos os sindicalizados a estarem presentes na Assembleia Geral Extraordin\u00e1ria, a ser realizada no dia 26 de setembro de 2025, \u00e0s 08h em primeira convoca\u00e7\u00e3o, e \u00e0s 08h30min em segunda convoca\u00e7\u00e3o, na Associa\u00e7\u00e3o dos Funcion\u00e1rios P\u00fablicos do Estado da Bahia, localizada na Rua Carlos Gomes \u2013 Dois de Julho, Salvador\/BA.<\/div>\n<div dir=\"auto\"><\/div>\n<div dir=\"auto\">Esta assembleia \u00e9 de extrema import\u00e2ncia para o futuro da nossa categoria. Estaremos deliberando sobre temas fundamentais para a nossa organiza\u00e7\u00e3o e representa\u00e7\u00e3o, como a apresenta\u00e7\u00e3o e aprova\u00e7\u00e3o da Comiss\u00e3o Eleitoral, que ser\u00e1 respons\u00e1vel por conduzir o processo eleitoral, al\u00e9m de definir as atribui\u00e7\u00f5es dessa comiss\u00e3o e discutir assuntos gerais relativos ao processo eleitoral.<\/div>\n<div dir=\"auto\"><\/div>\n<div dir=\"auto\" style=\"text-align: center;\"><img decoding=\"async\" class=\"alignnone size-medium wp-image-3305\" src=\"http:\/\/sinspeb.org.br\/wp-content\/uploads\/2025\/09\/1000331151-300x165.jpg\" alt=\"\" width=\"300\" height=\"165\" srcset=\"https:\/\/sinspeb.org.br\/wp-content\/uploads\/2025\/09\/1000331151-300x165.jpg 300w, https:\/\/sinspeb.org.br\/wp-content\/uploads\/2025\/09\/1000331151-768x422.jpg 768w, https:\/\/sinspeb.org.br\/wp-content\/uploads\/2025\/09\/1000331151.jpg 845w\" sizes=\"(max-width: 300px) 100vw, 300px\" \/><\/div>\n<div dir=\"auto\"><\/div>\n<div dir=\"auto\">Por que sua participa\u00e7\u00e3o \u00e9 t\u00e3o importante?<\/div>\n<div dir=\"auto\"><\/div>\n<div dir=\"auto\">Sabemos que um sindicato forte s\u00f3 existe quando todos os membros se engajam ativamente nas decis\u00f5es que moldam o nosso caminho. Cada avan\u00e7o, cada conquista, cada melhoria para nossa categoria s\u00f3 \u00e9 poss\u00edvel quando nos unimos e participamos ativamente da constru\u00e7\u00e3o desse futuro. N\u00e3o podemos esperar que os outros fa\u00e7am a mudan\u00e7a por n\u00f3s; a mudan\u00e7a come\u00e7a com a nossa participa\u00e7\u00e3o.<\/div>\n<div dir=\"auto\"><\/div>\n<div dir=\"auto\">A uni\u00e3o faz a for\u00e7a \u2013 e essa for\u00e7a precisa estar presente em cada um de n\u00f3s, em cada atitude e cada a\u00e7\u00e3o que tomamos em prol do coletivo.<\/div>\n<div dir=\"auto\"><\/div>\n<div dir=\"auto\">A Assembleia Geral \u00e9 o momento em que nossas vozes se encontram e nossas decis\u00f5es ganham for\u00e7a. Sua presen\u00e7a n\u00e3o \u00e9 apenas importante, ela \u00e9 ESSENCIAL para garantir que os rumos do nosso sindicato sejam definidos por todos, e n\u00e3o apenas por uma pequena parte de n\u00f3s.<\/div>\n<div dir=\"auto\"><\/div>\n<div dir=\"auto\">Vamos fazer hist\u00f3ria juntos! O SINPPSPEB \u00e9 o reflexo de um movimento coletivo, de uma classe que se une em torno de um ideal de justi\u00e7a, respeito e dignidade. S\u00f3 conseguimos avan\u00e7ar para todos quando cada um de n\u00f3s se doa para o bem de todos.<\/div>\n<div dir=\"auto\"><\/div>\n<div dir=\"auto\" style=\"text-align: center;\"><img decoding=\"async\" class=\"alignnone size-medium wp-image-3306\" src=\"http:\/\/sinspeb.org.br\/wp-content\/uploads\/2025\/09\/1000331150-197x300.jpg\" alt=\"\" width=\"197\" height=\"300\" srcset=\"https:\/\/sinspeb.org.br\/wp-content\/uploads\/2025\/09\/1000331150-197x300.jpg 197w, https:\/\/sinspeb.org.br\/wp-content\/uploads\/2025\/09\/1000331150-674x1024.jpg 674w, https:\/\/sinspeb.org.br\/wp-content\/uploads\/2025\/09\/1000331150-768x1167.jpg 768w, https:\/\/sinspeb.org.br\/wp-content\/uploads\/2025\/09\/1000331150.jpg 1000w\" sizes=\"(max-width: 197px) 100vw, 197px\" \/><\/div>\n<div dir=\"auto\"><\/div>\n<div dir=\"auto\">Contamos com sua presen\u00e7a! Este \u00e9 o momento de fortalecer ainda mais a nossa categoria, e isso s\u00f3 ser\u00e1 poss\u00edvel com a participa\u00e7\u00e3o de cada um de voc\u00eas.<\/div>\n","protected":false},"excerpt":{"rendered":"<p>Convoca\u00e7\u00e3o para Assembleia Geral Extraordin\u00e1ria:\u00a0A For\u00e7a do Nosso Sindicato Depende de Voc\u00ea! Companheiros e companheiras do Sindicato dos Policiais Penais<\/p>\n","protected":false},"author":3,"featured_media":3304,"comment_status":"open","ping_status":"open","sticky":false,"template":"","format":"standard","meta":{"colormag_page_container_layout":"default_layout","colormag_page_sidebar_layout":"default_layout","footnotes":""},"categories":[2,45,74,1,36,32],"tags":[],"class_list":["post-3303","post","type-post","status-publish","format-standard","has-post-thumbnail","hentry","category-eventos","category-importante","category-inicio","category-noticias","category-noticias-recentes","category-ultimas-noticias"],"_links":{"self":[{"href":"https:\/\/sinspeb.org.br\/index.php?rest_route=\/wp\/v2\/posts\/3303","targetHints":{"allow":["GET"]}}],"collection":[{"href":"https:\/\/sinspeb.org.br\/index.php?rest_route=\/wp\/v2\/posts"}],"about":[{"href":"https:\/\/sinspeb.org.br\/index.php?rest_route=\/wp\/v2\/types\/post"}],"author":[{"embeddable":true,"href":"https:\/\/sinspeb.org.br\/index.php?rest_route=\/wp\/v2\/users\/3"}],"replies":[{"embeddable":true,"href":"https:\/\/sinspeb.org.br\/index.php?rest_route=%2Fwp%2Fv2%2Fcomments&post=3303"}],"version-history":[{"count":2,"href":"https:\/\/sinspeb.org.br\/index.php?rest_route=\/wp\/v2\/posts\/3303\/revisions"}],"predecessor-version":[{"id":3308,"href":"https:\/\/sinspeb.org.br\/index.php?rest_route=\/wp\/v2\/posts\/3303\/revisions\/3308"}],"wp:featuredmedia":[{"embeddable":true,"href":"https:\/\/sinspeb.org.br\/index.php?rest_route=\/wp\/v2\/media\/3304"}],"wp:attachment":[{"href":"https:\/\/sinspeb.org.br\/index.php?rest_route=%2Fwp%2Fv2%2Fmedia&parent=3303"}],"wp:term":[{"taxonomy":"category","embeddable":true,"href":"https:\/\/sinspeb.org.br\/index.php?rest_route=%2Fwp%2Fv2%2Fcategories&post=3303"},{"taxonomy":"post_tag","embeddable":true,"href":"https:\/\/sinspeb.org.br\/index.php?rest_route=%2Fwp%2Fv2%2Ftags&post=3303"}],"curies":[{"name":"wp","href":"https:\/\/api.w.org\/{rel}","templated":true}]}}