{"id":3310,"date":"2025-10-01T17:18:10","date_gmt":"2025-10-01T20:18:10","guid":{"rendered":"https:\/\/sinspeb.org.br\/?p=3310"},"modified":"2025-10-01T17:18:10","modified_gmt":"2025-10-01T20:18:10","slug":"convocacao-eleicoes-sindicais-2025","status":"publish","type":"post","link":"https:\/\/sinspeb.org.br\/?p=3310","title":{"rendered":"CONVOCA\u00c7\u00c3O \u2013 ELEI\u00c7\u00d5ES SINDICAIS 2025"},"content":{"rendered":"<p>\ud83d\udce2 NOTA DE CONVOCA\u00c7\u00c3O \u2013 ELEI\u00c7\u00d5ES SINDICAIS 2025<\/p>\n<p>O SINPPSPEB \u2013 Sindicato dos Policiais Penais e Servidores Penitenci\u00e1rios do Estado da Bahia, por meio de sua Presid\u00eancia, torna p\u00fablico o Edital de Convoca\u00e7\u00e3o das Elei\u00e7\u00f5es Sindicais 2025, destinadas \u00e0 escolha da Diretoria Executiva e do Conselho Fiscal, titulares e suplentes.<\/p>\n<p>As elei\u00e7\u00f5es ocorrer\u00e3o nos dias 30 e 31 de outubro de 2025, das 08h \u00e0s 17h, em Salvador (Sede da SEAP e na Portaria do Complexo de Salvador) e nas Unidades prisionais do interior listadas no edital oficial. Est\u00e3o convocados todos os associados em dia com suas obriga\u00e7\u00f5es estatut\u00e1rias para exercerem o direito ao voto, fortalecendo a democracia sindical.<\/p>\n<p><img fetchpriority=\"high\" decoding=\"async\" class=\"size-medium wp-image-3311 aligncenter\" src=\"http:\/\/sinspeb.org.br\/wp-content\/uploads\/2025\/10\/SAVE_20251001_170112-300x285.jpg\" alt=\"\" width=\"300\" height=\"285\" srcset=\"https:\/\/sinspeb.org.br\/wp-content\/uploads\/2025\/10\/SAVE_20251001_170112-300x285.jpg 300w, https:\/\/sinspeb.org.br\/wp-content\/uploads\/2025\/10\/SAVE_20251001_170112.jpg 562w\" sizes=\"(max-width: 300px) 100vw, 300px\" \/><\/p>\n<p>Esse \u00e9 um momento decisivo para o futuro da nossa categoria. O sindicato \u00e9 a voz e a for\u00e7a dos trabalhadores, e a participa\u00e7\u00e3o de cada associado \u00e9 fundamental para garantir a representatividade, a unidade e a continuidade da luta em defesa dos Policiais Penais e Servidores Penitenci\u00e1rios da Bahia.<\/p>\n<p>\u270a\ud83c\udffc Participe, compare\u00e7a, vote e ajude a escrever mais um cap\u00edtulo da nossa hist\u00f3ria de resist\u00eancia e conquistas!<\/p>\n<p>SINPPSPEB \u2013 Uni\u00e3o e Luta em Defesa da Categoria<\/p>\n<p>Click aqui &#8211;&gt;&gt; <a href=\"http:\/\/sinspeb.org.br\/wp-content\/uploads\/2025\/10\/0f830e97-2e8c-4cf4-a9d8-677b461d603e-1.pdf\">EDITAL CONVOCA\u00c7\u00c3O\u2013 ELEI\u00c7\u00d5ES SINDICAIS 2025<\/a><\/p>\n","protected":false},"excerpt":{"rendered":"<p>\ud83d\udce2 NOTA DE CONVOCA\u00c7\u00c3O \u2013 ELEI\u00c7\u00d5ES SINDICAIS 2025 O SINPPSPEB \u2013 Sindicato dos Policiais Penais e Servidores Penitenci\u00e1rios do Estado<\/p>\n","protected":false},"author":3,"featured_media":3315,"comment_status":"open","ping_status":"open","sticky":false,"template":"","format":"standard","meta":{"colormag_page_container_layout":"default_layout","colormag_page_sidebar_layout":"default_layout","footnotes":""},"categories":[2,45,1,36],"tags":[],"class_list":["post-3310","post","type-post","status-publish","format-standard","has-post-thumbnail","hentry","category-eventos","category-importante","category-noticias","category-noticias-recentes"],"_links":{"self":[{"href":"https:\/\/sinspeb.org.br\/index.php?rest_route=\/wp\/v2\/posts\/3310","targetHints":{"allow":["GET"]}}],"collection":[{"href":"https:\/\/sinspeb.org.br\/index.php?rest_route=\/wp\/v2\/posts"}],"about":[{"href":"https:\/\/sinspeb.org.br\/index.php?rest_route=\/wp\/v2\/types\/post"}],"author":[{"embeddable":true,"href":"https:\/\/sinspeb.org.br\/index.php?rest_route=\/wp\/v2\/users\/3"}],"replies":[{"embeddable":true,"href":"https:\/\/sinspeb.org.br\/index.php?rest_route=%2Fwp%2Fv2%2Fcomments&post=3310"}],"version-history":[{"count":2,"href":"https:\/\/sinspeb.org.br\/index.php?rest_route=\/wp\/v2\/posts\/3310\/revisions"}],"predecessor-version":[{"id":3316,"href":"https:\/\/sinspeb.org.br\/index.php?rest_route=\/wp\/v2\/posts\/3310\/revisions\/3316"}],"wp:featuredmedia":[{"embeddable":true,"href":"https:\/\/sinspeb.org.br\/index.php?rest_route=\/wp\/v2\/media\/3315"}],"wp:attachment":[{"href":"https:\/\/sinspeb.org.br\/index.php?rest_route=%2Fwp%2Fv2%2Fmedia&parent=3310"}],"wp:term":[{"taxonomy":"category","embeddable":true,"href":"https:\/\/sinspeb.org.br\/index.php?rest_route=%2Fwp%2Fv2%2Fcategories&post=3310"},{"taxonomy":"post_tag","embeddable":true,"href":"https:\/\/sinspeb.org.br\/index.php?rest_route=%2Fwp%2Fv2%2Ftags&post=3310"}],"curies":[{"name":"wp","href":"https:\/\/api.w.org\/{rel}","templated":true}]}}