{"id":3317,"date":"2025-10-07T18:44:09","date_gmt":"2025-10-07T21:44:09","guid":{"rendered":"https:\/\/sinspeb.org.br\/?p=3317"},"modified":"2025-10-07T18:44:09","modified_gmt":"2025-10-07T21:44:09","slug":"eleicoes-divulgacao-das-chapas-inscritas","status":"publish","type":"post","link":"https:\/\/sinspeb.org.br\/?p=3317","title":{"rendered":"Elei\u00e7\u00f5es &#8211; Divulga\u00e7\u00e3o das chapas inscritas"},"content":{"rendered":"<p style=\"text-align: left;\">A Comiss\u00e3o Eleitoral do SINPPSPEB torna p\u00fablica a divulga\u00e7\u00e3o das chapas regularmente inscritas para concorrer ao pleito eleitoral 2025, destinado \u00e0 escolha da Diretoria Executiva e do Conselho Fiscal, titulares e suplentes, conforme disposto no edital de convoca\u00e7\u00e3o.<\/p>\n<p>Refor\u00e7amos o compromisso com a transpar\u00eancia e a lisura de todo o processo, convidando os associados a acompanharem as pr\u00f3ximas etapas e participarem ativamente desse importante momento democr\u00e1tico da nossa entidade sindical.<\/p>\n<p>Clique aqui: <a href=\"http:\/\/sinspeb.org.br\/wp-content\/uploads\/2025\/10\/Publicacao-da-Lista-Oficial-de-Chapas-Registradas.pdf\">Lista Oficial de Chapas Registradas<\/a><\/p>\n<p>Jos\u00e9 Luiz Torres<\/p>\n<p>Presidente da Comiss\u00e3o Eleitoral<\/p>\n<p>SINPPSPEB<\/p>\n<p>&nbsp;<\/p>\n","protected":false},"excerpt":{"rendered":"<p>A Comiss\u00e3o Eleitoral do SINPPSPEB torna p\u00fablica a divulga\u00e7\u00e3o das chapas regularmente inscritas para concorrer ao pleito eleitoral 2025, destinado<\/p>\n","protected":false},"author":3,"featured_media":3248,"comment_status":"open","ping_status":"open","sticky":false,"template":"","format":"standard","meta":{"colormag_page_container_layout":"default_layout","colormag_page_sidebar_layout":"default_layout","footnotes":""},"categories":[2,45,74,1,36,32],"tags":[],"class_list":["post-3317","post","type-post","status-publish","format-standard","has-post-thumbnail","hentry","category-eventos","category-importante","category-inicio","category-noticias","category-noticias-recentes","category-ultimas-noticias"],"_links":{"self":[{"href":"https:\/\/sinspeb.org.br\/index.php?rest_route=\/wp\/v2\/posts\/3317","targetHints":{"allow":["GET"]}}],"collection":[{"href":"https:\/\/sinspeb.org.br\/index.php?rest_route=\/wp\/v2\/posts"}],"about":[{"href":"https:\/\/sinspeb.org.br\/index.php?rest_route=\/wp\/v2\/types\/post"}],"author":[{"embeddable":true,"href":"https:\/\/sinspeb.org.br\/index.php?rest_route=\/wp\/v2\/users\/3"}],"replies":[{"embeddable":true,"href":"https:\/\/sinspeb.org.br\/index.php?rest_route=%2Fwp%2Fv2%2Fcomments&post=3317"}],"version-history":[{"count":1,"href":"https:\/\/sinspeb.org.br\/index.php?rest_route=\/wp\/v2\/posts\/3317\/revisions"}],"predecessor-version":[{"id":3319,"href":"https:\/\/sinspeb.org.br\/index.php?rest_route=\/wp\/v2\/posts\/3317\/revisions\/3319"}],"wp:featuredmedia":[{"embeddable":true,"href":"https:\/\/sinspeb.org.br\/index.php?rest_route=\/wp\/v2\/media\/3248"}],"wp:attachment":[{"href":"https:\/\/sinspeb.org.br\/index.php?rest_route=%2Fwp%2Fv2%2Fmedia&parent=3317"}],"wp:term":[{"taxonomy":"category","embeddable":true,"href":"https:\/\/sinspeb.org.br\/index.php?rest_route=%2Fwp%2Fv2%2Fcategories&post=3317"},{"taxonomy":"post_tag","embeddable":true,"href":"https:\/\/sinspeb.org.br\/index.php?rest_route=%2Fwp%2Fv2%2Ftags&post=3317"}],"curies":[{"name":"wp","href":"https:\/\/api.w.org\/{rel}","templated":true}]}}