{"id":3347,"date":"2026-01-08T19:45:43","date_gmt":"2026-01-08T22:45:43","guid":{"rendered":"https:\/\/sinspeb.org.br\/?p=3347"},"modified":"2026-01-08T19:45:43","modified_gmt":"2026-01-08T22:45:43","slug":"sinppspeb-cerimonia-de-posse","status":"publish","type":"post","link":"https:\/\/sinspeb.org.br\/?p=3347","title":{"rendered":"SINPPSPEB &#8211; Cerim\u00f4nia de Posse"},"content":{"rendered":"<p><img fetchpriority=\"high\" decoding=\"async\" class=\"size-medium wp-image-3348 aligncenter\" src=\"http:\/\/sinspeb.org.br\/wp-content\/uploads\/2026\/01\/SINPPSPEB_20260108_130754_0000-300x213.png\" alt=\"\" width=\"300\" height=\"213\" srcset=\"https:\/\/sinspeb.org.br\/wp-content\/uploads\/2026\/01\/SINPPSPEB_20260108_130754_0000-300x213.png 300w, https:\/\/sinspeb.org.br\/wp-content\/uploads\/2026\/01\/SINPPSPEB_20260108_130754_0000-1024x726.png 1024w, https:\/\/sinspeb.org.br\/wp-content\/uploads\/2026\/01\/SINPPSPEB_20260108_130754_0000-768x545.png 768w, https:\/\/sinspeb.org.br\/wp-content\/uploads\/2026\/01\/SINPPSPEB_20260108_130754_0000-1536x1090.png 1536w, https:\/\/sinspeb.org.br\/wp-content\/uploads\/2026\/01\/SINPPSPEB_20260108_130754_0000.png 1748w\" sizes=\"(max-width: 300px) 100vw, 300px\" \/><\/p>\n<p>O Sindicato dos Policiais Penais e Servidores Penitenci\u00e1rios do Estado da Bahia tem a honra de convidar seus associados, familiares, colaboradores e autoridades para a Cerim\u00f4nia de Posse da Diretoria Executiva e do Conselho Fiscal, que conduzir\u00e3o a entidade sindical no quadri\u00eanio 2026\u20132030.<\/p>\n<p>Este momento solene simboliza a continuidade da luta coletiva em defesa dos direitos, da valoriza\u00e7\u00e3o profissional e do fortalecimento institucional dos Policiais Penais e Servidores Penitenci\u00e1rios da Bahia.<\/p>\n<p>A sua presen\u00e7a representa reconhecimento \u00e0 trajet\u00f3ria da entidade sindical e refor\u00e7a a unidade necess\u00e1ria para seguirmos avan\u00e7ando na constru\u00e7\u00e3o de um sindicato cada vez mais forte, representativo e combativo.<\/p>\n<p>Data: 14 de janeiro (quarta-feira)<br \/>\nHor\u00e1rio: 10h<br \/>\nLocal: AFPEB &#8211; Rua Carlos Gomes, 95 &#8211; Dois de Julho.<\/p>\n<p>Contamos com sua participa\u00e7\u00e3o para abrilhantar este importante momento da nossa hist\u00f3ria sindical.<\/p>\n<p>ASCOM &#8211; SINPPSPEB<\/p>\n","protected":false},"excerpt":{"rendered":"<p>O Sindicato dos Policiais Penais e Servidores Penitenci\u00e1rios do Estado da Bahia tem a honra de convidar seus associados, familiares,<\/p>\n","protected":false},"author":3,"featured_media":3348,"comment_status":"open","ping_status":"open","sticky":false,"template":"","format":"standard","meta":{"colormag_page_container_layout":"default_layout","colormag_page_sidebar_layout":"default_layout","footnotes":""},"categories":[2,45,74,1,36,32],"tags":[],"class_list":["post-3347","post","type-post","status-publish","format-standard","has-post-thumbnail","hentry","category-eventos","category-importante","category-inicio","category-noticias","category-noticias-recentes","category-ultimas-noticias"],"_links":{"self":[{"href":"https:\/\/sinspeb.org.br\/index.php?rest_route=\/wp\/v2\/posts\/3347","targetHints":{"allow":["GET"]}}],"collection":[{"href":"https:\/\/sinspeb.org.br\/index.php?rest_route=\/wp\/v2\/posts"}],"about":[{"href":"https:\/\/sinspeb.org.br\/index.php?rest_route=\/wp\/v2\/types\/post"}],"author":[{"embeddable":true,"href":"https:\/\/sinspeb.org.br\/index.php?rest_route=\/wp\/v2\/users\/3"}],"replies":[{"embeddable":true,"href":"https:\/\/sinspeb.org.br\/index.php?rest_route=%2Fwp%2Fv2%2Fcomments&post=3347"}],"version-history":[{"count":1,"href":"https:\/\/sinspeb.org.br\/index.php?rest_route=\/wp\/v2\/posts\/3347\/revisions"}],"predecessor-version":[{"id":3349,"href":"https:\/\/sinspeb.org.br\/index.php?rest_route=\/wp\/v2\/posts\/3347\/revisions\/3349"}],"wp:featuredmedia":[{"embeddable":true,"href":"https:\/\/sinspeb.org.br\/index.php?rest_route=\/wp\/v2\/media\/3348"}],"wp:attachment":[{"href":"https:\/\/sinspeb.org.br\/index.php?rest_route=%2Fwp%2Fv2%2Fmedia&parent=3347"}],"wp:term":[{"taxonomy":"category","embeddable":true,"href":"https:\/\/sinspeb.org.br\/index.php?rest_route=%2Fwp%2Fv2%2Fcategories&post=3347"},{"taxonomy":"post_tag","embeddable":true,"href":"https:\/\/sinspeb.org.br\/index.php?rest_route=%2Fwp%2Fv2%2Ftags&post=3347"}],"curies":[{"name":"wp","href":"https:\/\/api.w.org\/{rel}","templated":true}]}}