{"id":362,"date":"2019-09-09T15:28:42","date_gmt":"2019-09-09T18:28:42","guid":{"rendered":"http:\/\/sinspeb.org.br\/?p=362"},"modified":"2019-09-09T15:28:42","modified_gmt":"2019-09-09T18:28:42","slug":"sinspeb-cobra-implementacao-da-escola-penitenciaria-do-estado-da-bahia-em-brasilia","status":"publish","type":"post","link":"https:\/\/sinspeb.org.br\/?p=362","title":{"rendered":"SINSPEB cobra implementa\u00e7\u00e3o da Escola Penitenci\u00e1ria do Estado da Bahia, em Bras\u00edlia"},"content":{"rendered":"<p><img fetchpriority=\"high\" decoding=\"async\" src=\"http:\/\/sinspeb.org.br\/wp-content\/uploads\/2019\/09\/IMG_20190904_153421146-300x172.jpg\" alt=\"\" width=\"400\" height=\"225\" class=\"aligncenter size-medium wp-image-368\" \/><\/p>\n<p>Em Bras\u00edlia, comitiva do SINSPEB cobra implementa\u00e7\u00e3o da Escola Penitenci\u00e1ria do Estado da Bahia<\/p>\n<p>O Presidente do SINSPEB solicitou ao Departamento Penitenci\u00e1rio Nacional (DEPEN) a intercess\u00e3o junto aos Gestores da Secretaria de Administra\u00e7\u00e3o Penitenci\u00e1ria e Ressocializa\u00e7\u00e3o (SEAP), para in\u00edcio imediato das atividades da Escola que ainda encontra-se fechada.<\/p>\n<p>Em dilig\u00eancia ao DEPEN, a comitiva do Sinspeb visitou a Escola Nacional de Servi\u00e7os Penais (ESPEN) para informar a morosidade na implementa\u00e7\u00e3o da Escola Penitenci\u00e1ria do Estado da Bahia que, apesar de j\u00e1 estar constru\u00edda e aparelhada, ainda n\u00e3o encontra-se em funcionamento, devido \u00e0 aus\u00eancia de um instrumento legal que respalde o in\u00edcio das atividades, que v\u00e3o beneficiar os servidores penitenci\u00e1rios com cursos de qualifica\u00e7\u00e3o e treinamentos. &#8220;Nosso objetivo foi denunciar a morosidade desse processo  para que, ap\u00f3s nossa &#8220;press\u00e3o&#8221;, o DEPEN entre em contato com a SEAP e busque resolver essa situa\u00e7\u00e3o&#8221;, frisa o Presidente do Sinspeb, Reivon Pimentel. <\/p>\n<figure id=\"attachment_363\" aria-describedby=\"caption-attachment-363\" style=\"width: 400px\" class=\"wp-caption aligncenter\"><img decoding=\"async\" src=\"http:\/\/sinspeb.org.br\/wp-content\/uploads\/2019\/09\/IMG_20190904_143629028-300x225.jpg\" alt=\"\" width=\"400\" height=\"300\" class=\"size-medium wp-image-363\" srcset=\"https:\/\/sinspeb.org.br\/wp-content\/uploads\/2019\/09\/IMG_20190904_143629028-300x225.jpg 300w, https:\/\/sinspeb.org.br\/wp-content\/uploads\/2019\/09\/IMG_20190904_143629028-768x576.jpg 768w, https:\/\/sinspeb.org.br\/wp-content\/uploads\/2019\/09\/IMG_20190904_143629028-1024x768.jpg 1024w\" sizes=\"(max-width: 400px) 100vw, 400px\" \/><figcaption id=\"caption-attachment-363\" class=\"wp-caption-text\">Comitiva do SINSPEB e a Dir. ESPEN Ta\u00eds Kuchnir (ao meio)<\/figcaption><\/figure>\n<p>A Diretora da Escola Nacional Penitenci\u00e1ria, Ta\u00eds Kuchnir,  garantiu aos  representantes do SINSPEB que ir\u00e1 manter contato com a SEAP para solicitar uma posi\u00e7\u00e3o da institui\u00e7\u00e3o em rela\u00e7\u00e3o \u00e0 demora de implementar a Escola Penitenci\u00e1ria do Estado da Bahia e ir\u00e1 agendar uma visita t\u00e9cnica in loco para apurar a real situa\u00e7\u00e3o do estabelecimento. <\/p>\n<p>Ascom &#8211; SINSPEB<\/p>\n","protected":false},"excerpt":{"rendered":"<p>Em Bras\u00edlia, comitiva do SINSPEB cobra implementa\u00e7\u00e3o da Escola Penitenci\u00e1ria do Estado da Bahia O Presidente do SINSPEB solicitou ao<\/p>\n","protected":false},"author":1,"featured_media":0,"comment_status":"open","ping_status":"open","sticky":false,"template":"","format":"standard","meta":{"colormag_page_container_layout":"default_layout","colormag_page_sidebar_layout":"default_layout","footnotes":""},"categories":[1],"tags":[],"class_list":["post-362","post","type-post","status-publish","format-standard","hentry","category-noticias"],"_links":{"self":[{"href":"https:\/\/sinspeb.org.br\/index.php?rest_route=\/wp\/v2\/posts\/362","targetHints":{"allow":["GET"]}}],"collection":[{"href":"https:\/\/sinspeb.org.br\/index.php?rest_route=\/wp\/v2\/posts"}],"about":[{"href":"https:\/\/sinspeb.org.br\/index.php?rest_route=\/wp\/v2\/types\/post"}],"author":[{"embeddable":true,"href":"https:\/\/sinspeb.org.br\/index.php?rest_route=\/wp\/v2\/users\/1"}],"replies":[{"embeddable":true,"href":"https:\/\/sinspeb.org.br\/index.php?rest_route=%2Fwp%2Fv2%2Fcomments&post=362"}],"version-history":[{"count":9,"href":"https:\/\/sinspeb.org.br\/index.php?rest_route=\/wp\/v2\/posts\/362\/revisions"}],"predecessor-version":[{"id":373,"href":"https:\/\/sinspeb.org.br\/index.php?rest_route=\/wp\/v2\/posts\/362\/revisions\/373"}],"wp:attachment":[{"href":"https:\/\/sinspeb.org.br\/index.php?rest_route=%2Fwp%2Fv2%2Fmedia&parent=362"}],"wp:term":[{"taxonomy":"category","embeddable":true,"href":"https:\/\/sinspeb.org.br\/index.php?rest_route=%2Fwp%2Fv2%2Fcategories&post=362"},{"taxonomy":"post_tag","embeddable":true,"href":"https:\/\/sinspeb.org.br\/index.php?rest_route=%2Fwp%2Fv2%2Ftags&post=362"}],"curies":[{"name":"wp","href":"https:\/\/api.w.org\/{rel}","templated":true}]}}