{"id":377,"date":"2019-09-09T16:04:27","date_gmt":"2019-09-09T19:04:27","guid":{"rendered":"http:\/\/sinspeb.org.br\/?p=377"},"modified":"2019-09-09T16:04:27","modified_gmt":"2019-09-09T19:04:27","slug":"comitiva-do-sinspeb-vai-a-cggir-depen-acompanhar-utilizacao-de-recursos-do-funpen","status":"publish","type":"post","link":"https:\/\/sinspeb.org.br\/?p=377","title":{"rendered":"Comitiva do SINSPEB vai a CGGIR\/DEPEN acompanhar utiliza\u00e7\u00e3o de recursos do FUNPEN"},"content":{"rendered":"<p>&#8221; O Gestor que assinou o contrato de aquisi\u00e7\u00e3o das ambul\u00e2ncias precisa ser responsabilizado&#8221;, afirma Presidente do SINSPEB, durante visita ao DEPEN <\/p>\n<p>Em Bras\u00edlia, a comitiva do SINSPEB procurou o Departamento para acompanhar e tirar d\u00favidas referentes ao repasse do recurso \u00e0 Seap .<\/p>\n<p>Com o intuito de averiguar os recursos que foram repassados pelo Departamento Penitenci\u00e1rio Nacional (DEPEN) \u00e0 Secretaria de Administra\u00e7\u00e3o Penitenci\u00e1ria e Ressocializa\u00e7\u00e3o (SEAP) na modalidade &#8220;Fundo a Fundo&#8221;,  a comitiva do SINSPEB se reuniu com a Coordena\u00e7\u00e3o Geral de Gest\u00e3o de Instrumentos de Repasses (CGGIR), representada por Thiago Utida, o qual informou aos representantes do sindicato que o Estado precisa elaborar relat\u00f3rios semestrais de presta\u00e7\u00e3o de contas e a Bahia ainda encontra-se pendente neste quesito. &#8220;A Bahia recebeu um aporte de R$ 73 milh\u00f5es de reais e, segundo o Presidente do SINSPEB, Reivon Pimentel, a SEAP n\u00e3o aplica o recurso de forma adequada&#8221;.<\/p>\n<figure id=\"attachment_378\" aria-describedby=\"caption-attachment-378\" style=\"width: 300px\" class=\"wp-caption aligncenter\"><img fetchpriority=\"high\" decoding=\"async\" src=\"http:\/\/sinspeb.org.br\/wp-content\/uploads\/2019\/09\/IMG_20190904_145236079-300x225.jpg\" alt=\"\" width=\"300\" height=\"225\" class=\"size-medium wp-image-378\" srcset=\"https:\/\/sinspeb.org.br\/wp-content\/uploads\/2019\/09\/IMG_20190904_145236079-300x225.jpg 300w, https:\/\/sinspeb.org.br\/wp-content\/uploads\/2019\/09\/IMG_20190904_145236079-768x576.jpg 768w, https:\/\/sinspeb.org.br\/wp-content\/uploads\/2019\/09\/IMG_20190904_145236079-1024x768.jpg 1024w\" sizes=\"(max-width: 300px) 100vw, 300px\" \/><figcaption id=\"caption-attachment-378\" class=\"wp-caption-text\">Comitiva do SINSPEB e Tiago Utida (blusa branca)<\/figcaption><\/figure>\n<p> O Sindicalista cita como exemplo a aquisi\u00e7\u00e3o por parte da SEAP de ambul\u00e2ncias que, devido \u00e0s dimens\u00f5es reduzidas, est\u00e3o sendo sub-utilizadas, pois pessoas adultas tem dificuldade de acesso aos ve\u00edculos. &#8220;Pedimos que o gestor que assinou o contrato das ambul\u00e2ncias seja responsabilizado pelo equ\u00edvoco e m\u00e1 utiliza\u00e7\u00e3o da verba p\u00fablica&#8221;, alfinetou o Sindicalista.<\/p>\n<p>Na ida \u00e0 Bras\u00edlia a comitiva do SINSPEB participou de uma reuni\u00e3o no Conselho Nacional de Justi\u00e7a (CNJ) onde discutiu sobre &#8220;M\u00e9todos Alternativos para a Resolu\u00e7\u00e3o de Conflitos Envolvendo o Sistema Prisional da Bahia&#8221;, tema que ser\u00e1 discutido novamente no pr\u00f3ximo retorno \u00e0 capital do pa\u00eds. <\/p>\n<p>Ascom &#8211; SINSPEB<\/p>\n","protected":false},"excerpt":{"rendered":"<p>&#8221; O Gestor que assinou o contrato de aquisi\u00e7\u00e3o das ambul\u00e2ncias precisa ser responsabilizado&#8221;, afirma Presidente do SINSPEB, durante visita<\/p>\n","protected":false},"author":1,"featured_media":0,"comment_status":"open","ping_status":"open","sticky":false,"template":"","format":"standard","meta":{"colormag_page_container_layout":"default_layout","colormag_page_sidebar_layout":"default_layout","footnotes":""},"categories":[1],"tags":[],"class_list":["post-377","post","type-post","status-publish","format-standard","hentry","category-noticias"],"_links":{"self":[{"href":"https:\/\/sinspeb.org.br\/index.php?rest_route=\/wp\/v2\/posts\/377","targetHints":{"allow":["GET"]}}],"collection":[{"href":"https:\/\/sinspeb.org.br\/index.php?rest_route=\/wp\/v2\/posts"}],"about":[{"href":"https:\/\/sinspeb.org.br\/index.php?rest_route=\/wp\/v2\/types\/post"}],"author":[{"embeddable":true,"href":"https:\/\/sinspeb.org.br\/index.php?rest_route=\/wp\/v2\/users\/1"}],"replies":[{"embeddable":true,"href":"https:\/\/sinspeb.org.br\/index.php?rest_route=%2Fwp%2Fv2%2Fcomments&post=377"}],"version-history":[{"count":5,"href":"https:\/\/sinspeb.org.br\/index.php?rest_route=\/wp\/v2\/posts\/377\/revisions"}],"predecessor-version":[{"id":383,"href":"https:\/\/sinspeb.org.br\/index.php?rest_route=\/wp\/v2\/posts\/377\/revisions\/383"}],"wp:attachment":[{"href":"https:\/\/sinspeb.org.br\/index.php?rest_route=%2Fwp%2Fv2%2Fmedia&parent=377"}],"wp:term":[{"taxonomy":"category","embeddable":true,"href":"https:\/\/sinspeb.org.br\/index.php?rest_route=%2Fwp%2Fv2%2Fcategories&post=377"},{"taxonomy":"post_tag","embeddable":true,"href":"https:\/\/sinspeb.org.br\/index.php?rest_route=%2Fwp%2Fv2%2Ftags&post=377"}],"curies":[{"name":"wp","href":"https:\/\/api.w.org\/{rel}","templated":true}]}}