{"id":384,"date":"2019-09-09T16:30:56","date_gmt":"2019-09-09T19:30:56","guid":{"rendered":"http:\/\/sinspeb.org.br\/?p=384"},"modified":"2019-09-09T16:30:56","modified_gmt":"2019-09-09T19:30:56","slug":"na-capital-do-pais-sinspeb-frisa-necessidade-de-construcao-de-nova-cadeia-publica-e-penitenciaria-em-salvador","status":"publish","type":"post","link":"https:\/\/sinspeb.org.br\/?p=384","title":{"rendered":"Na capital do pa\u00eds, SINSPEB frisa necessidade de constru\u00e7\u00e3o de nova cadeia p\u00fablica e penitenci\u00e1ria em Salvador"},"content":{"rendered":"<p>Na capital do pa\u00eds, SINSPEB frisa necessidade de constru\u00e7\u00e3o de nova cadeia p\u00fablica e penitenci\u00e1ria em Salvador<\/p>\n<p>A comitiva do sindicato buscou informa\u00e7\u00f5es sobre os projetos arquitet\u00f4nicos e de engenharia destinados aos sistemas prisionais dos Estados<\/p>\n<figure id=\"attachment_385\" aria-describedby=\"caption-attachment-385\" style=\"width: 300px\" class=\"wp-caption aligncenter\"><img fetchpriority=\"high\" decoding=\"async\" src=\"http:\/\/sinspeb.org.br\/wp-content\/uploads\/2019\/09\/IMG_20190904_152612076-300x225.jpg\" alt=\"\" width=\"300\" height=\"225\" class=\"size-medium wp-image-385\" srcset=\"https:\/\/sinspeb.org.br\/wp-content\/uploads\/2019\/09\/IMG_20190904_152612076-300x225.jpg 300w, https:\/\/sinspeb.org.br\/wp-content\/uploads\/2019\/09\/IMG_20190904_152612076-768x576.jpg 768w, https:\/\/sinspeb.org.br\/wp-content\/uploads\/2019\/09\/IMG_20190904_152612076-1024x768.jpg 1024w\" sizes=\"(max-width: 300px) 100vw, 300px\" \/><figcaption id=\"caption-attachment-385\" class=\"wp-caption-text\">Comitiva do SINSPEB e Coord. Luiz Mariano Junior (blusa rosa)<\/figcaption><\/figure>\n<p>Com o objetivo de denunciar o quadro de precariedade estrutural da cadeia p\u00fablica e a penitenci\u00e1ria de Salvador, representantes do SINSPEB se reuniram com o Coordenador Geral de Moderniza\u00e7\u00e3o da Engenharia e Arquitetura Prisional, Luiz Mariano Junior, do Departamento Penitenci\u00e1rio Nacional (DEPEN), para obter mais informa\u00e7\u00f5es sobre os projetos arquitet\u00f4nicos e de engenharia pr\u00e9-aprovados que ser\u00e3o disponibilizados \u00e0s unidades prisionais dos Estados. &#8220;Informamos a necessidade de constru\u00e7\u00e3o de uma nova cadeia p\u00fablica e uma nova penitenci\u00e1ria porque o Pres\u00eddio de Salvador \u00e9 uma unidade que serve para receber os presos provis\u00f3rios, possui mais de 40 anos e est\u00e1 com uma estrutura bastante desgastada pela falta de manuten\u00e7\u00e3o semelhante \u00e0 Penitenci\u00e1ria Lemos de Brito que abriga presos sentenciados e que tem 70 anos de exist\u00eancia e tamb\u00e9m apresenta uma estrutura comprometida pelas intemp\u00e9ries e projetos  arquitet\u00f4nicos totalmente obsoletos&#8221;,  defendeu o Presidente do SINSPEB, Reivon Pimentel, ao salientar que a Secretaria de Administra\u00e7\u00e3o Penitenci\u00e1ria e Ressocializa\u00e7\u00e3o &#8211; SEAP &#8211; alega que n\u00e3o executa o recurso do Fundo Penitenci\u00e1rio Nacional de mais de R$ 30 milh\u00f5es de reais devido \u00e0s exig\u00eancias do pr\u00f3prio DEPEN e, por isso, o \u00f3rg\u00e3o resolveu entregar o projeto pronto e pr\u00e9-aprovado para facilitar o imbr\u00f3glio. <\/p>\n<p>Ascom &#8211; SINSPEB<\/p>\n","protected":false},"excerpt":{"rendered":"<p>Na capital do pa\u00eds, SINSPEB frisa necessidade de constru\u00e7\u00e3o de nova cadeia p\u00fablica e penitenci\u00e1ria em Salvador A comitiva do<\/p>\n","protected":false},"author":1,"featured_media":0,"comment_status":"open","ping_status":"open","sticky":false,"template":"","format":"standard","meta":{"colormag_page_container_layout":"default_layout","colormag_page_sidebar_layout":"default_layout","footnotes":""},"categories":[1],"tags":[],"class_list":["post-384","post","type-post","status-publish","format-standard","hentry","category-noticias"],"_links":{"self":[{"href":"https:\/\/sinspeb.org.br\/index.php?rest_route=\/wp\/v2\/posts\/384","targetHints":{"allow":["GET"]}}],"collection":[{"href":"https:\/\/sinspeb.org.br\/index.php?rest_route=\/wp\/v2\/posts"}],"about":[{"href":"https:\/\/sinspeb.org.br\/index.php?rest_route=\/wp\/v2\/types\/post"}],"author":[{"embeddable":true,"href":"https:\/\/sinspeb.org.br\/index.php?rest_route=\/wp\/v2\/users\/1"}],"replies":[{"embeddable":true,"href":"https:\/\/sinspeb.org.br\/index.php?rest_route=%2Fwp%2Fv2%2Fcomments&post=384"}],"version-history":[{"count":4,"href":"https:\/\/sinspeb.org.br\/index.php?rest_route=\/wp\/v2\/posts\/384\/revisions"}],"predecessor-version":[{"id":389,"href":"https:\/\/sinspeb.org.br\/index.php?rest_route=\/wp\/v2\/posts\/384\/revisions\/389"}],"wp:attachment":[{"href":"https:\/\/sinspeb.org.br\/index.php?rest_route=%2Fwp%2Fv2%2Fmedia&parent=384"}],"wp:term":[{"taxonomy":"category","embeddable":true,"href":"https:\/\/sinspeb.org.br\/index.php?rest_route=%2Fwp%2Fv2%2Fcategories&post=384"},{"taxonomy":"post_tag","embeddable":true,"href":"https:\/\/sinspeb.org.br\/index.php?rest_route=%2Fwp%2Fv2%2Ftags&post=384"}],"curies":[{"name":"wp","href":"https:\/\/api.w.org\/{rel}","templated":true}]}}