{"id":392,"date":"2019-09-12T02:43:04","date_gmt":"2019-09-12T05:43:04","guid":{"rendered":"http:\/\/sinspeb.org.br\/?p=392"},"modified":"2019-09-12T02:43:04","modified_gmt":"2019-09-12T05:43:04","slug":"banco-de-talentos-agente-penitenciario-e-destaque-na-corrida-de-rua-da-bahia","status":"publish","type":"post","link":"https:\/\/sinspeb.org.br\/?p=392","title":{"rendered":"Banco de Talentos : Agente Penitenci\u00e1rio \u00e9 destaque na corrida de rua da Bahia"},"content":{"rendered":"<p>SINSPEB lan\u00e7a quadro &#8220;Banco de Talentos&#8221; para homenagear servidores penitenci\u00e1rios baianos<\/p>\n<ul>\nAgente penitenci\u00e1rio \u00e9 destaque na corrida de rua da Bahia<\/ul>\n<p><img fetchpriority=\"high\" decoding=\"async\" src=\"http:\/\/sinspeb.org.br\/wp-content\/uploads\/2019\/09\/Cleidivan-Melo-Final-300x300.png\" alt=\"\" width=\"300\" height=\"300\" class=\"aligncenter size-medium wp-image-395\" srcset=\"https:\/\/sinspeb.org.br\/wp-content\/uploads\/2019\/09\/Cleidivan-Melo-Final-300x300.png 300w, https:\/\/sinspeb.org.br\/wp-content\/uploads\/2019\/09\/Cleidivan-Melo-Final-150x150.png 150w, https:\/\/sinspeb.org.br\/wp-content\/uploads\/2019\/09\/Cleidivan-Melo-Final-768x768.png 768w, https:\/\/sinspeb.org.br\/wp-content\/uploads\/2019\/09\/Cleidivan-Melo-Final.png 1024w\" sizes=\"(max-width: 300px) 100vw, 300px\" \/><\/p>\n<p>Com o objetivo de realizar um trabalho de valoriza\u00e7\u00e3o dos servidores penitenci\u00e1rios baianos, SINSPEB lan\u00e7a o quadro &#8220;Banco de Talentos&#8221; o qual ir\u00e1 contar trajet\u00f3rias  de funcion\u00e1rios do sistema prisional  que  possuem perfil diferenciado e que &#8220;fazem a diferen\u00e7a&#8221; no funcionalismo p\u00fablico do Estado. Inauguramos o quadro, nesta quinta-feira (12\/09\/2019), com a hist\u00f3ria de vida do agente penitenci\u00e1rio Cleidivan Melo, 38 anos, graduado em &#8220;Gest\u00e3o e Seguran\u00e7a P\u00fablica&#8221;.<\/p>\n<p>Em dezembro deste ano o servidor ir\u00e1 completar 8 anos como agente penitenci\u00e1rio. Ingressou na carreira, em 2011, no Centro de Observa\u00e7\u00e3o Penal e, em 2017,  foi transferido para Cadeia P\u00fablica. Atualmente, nosso talento \u00e9 lotado no Hospital de Tratamento e Cust\u00f3dia, localizado na Baixa do Fiscal, da capital baiana.<\/p>\n<p>H\u00e1 4 anos come\u00e7ou a realizar a pr\u00e1tica esportiva da corrida de rua em busca de uma melhor qualidade de vida. Cleidivan Melo destaca que o esporte \u00e9 uma forma de tentar driblar o cotidiano estressante do sistema prisional. &#8221; Eu sou corredor de rua! Essa \u00e9 uma das  atividades paralelas \u00e0 minha vida profissional. Sou considerado um atleta que tem performance mas, na verdade, n\u00e3o vivo da pr\u00e1tica da corrida! O talento foi aparecendo em um processo de descoberta que tinha como principal finalidade minha sa\u00fade e meu bem-estar&#8221;, ressalta o agente penitenci\u00e1rio.<\/p>\n<p><img decoding=\"async\" src=\"http:\/\/sinspeb.org.br\/wp-content\/uploads\/2019\/09\/CLEIDIVAN-225x300.jpg\" alt=\"\" width=\"225\" height=\"300\" class=\"aligncenter size-medium wp-image-393\" srcset=\"https:\/\/sinspeb.org.br\/wp-content\/uploads\/2019\/09\/CLEIDIVAN-225x300.jpg 225w, https:\/\/sinspeb.org.br\/wp-content\/uploads\/2019\/09\/CLEIDIVAN.jpg 373w\" sizes=\"(max-width: 225px) 100vw, 225px\" \/><\/p>\n<p>O servidor que estreou no atletismo recentemente j\u00e1 possui cerca de 40 trof\u00e9us conquistados em diversas corridas e conseguiu a primeira coloca\u00e7\u00e3o em 13 dessas disputas. &#8220;O treinamento \u00e9 uma forma de voc\u00ea trabalhar o corpo e a mente, almejar uma vida saud\u00e1vel! Eu nunca coloquei atestado m\u00e9dico durante minha carreira como agente penitenci\u00e1rio. O esporte me ajuda diretamente no preparo f\u00edsico e  na sa\u00fade mental fundamental para n\u00f3s que trabalhamos em um ambiente um pouco tenso como o sistema prisional&#8221;, pontua o servidor, ao frisar que  participou de v\u00e1rias corridas com a blusa do sindicato para representar a categoria. &#8220;Eu levanto a bandeira da minha categoria nas corridas! Visto a blusa do sindicato, tenho muito orgulho do meu trabalho&#8221;, declara o Agente Penitenci\u00e1rio. <\/p>\n<p><img decoding=\"async\" src=\"http:\/\/sinspeb.org.br\/wp-content\/uploads\/2019\/09\/CLEIDIVAN-2-241x300.jpg\" alt=\"\" width=\"241\" height=\"300\" class=\"aligncenter size-medium wp-image-394\" srcset=\"https:\/\/sinspeb.org.br\/wp-content\/uploads\/2019\/09\/CLEIDIVAN-2-241x300.jpg 241w, https:\/\/sinspeb.org.br\/wp-content\/uploads\/2019\/09\/CLEIDIVAN-2.jpg 369w\" sizes=\"(max-width: 241px) 100vw, 241px\" \/><\/p>\n<p>O servidor elogia a iniciativa do SINSPEB em promover o quadro Banco de Talentos. &#8220;O sindicato est\u00e1 tentando valorizar um servidor que foi esquecido, elevar  nossa autoestima!  Uma categoria que foi relegada pela gest\u00e3o estadual ao esquecimento, sempre colocada em escanteio. O SINSPEB est\u00e1 de parab\u00e9ns!&#8221;, elogia o agente penitenci\u00e1rio Cleidivan Melo.<\/p>\n<p>Nosso homenageado \u00e9 casado, pai de uma menina de 4 anos, torcedor do Esporte Clube Vit\u00f3ria e possui como um dos principais hobbies ir aos est\u00e1dios para acompanhar os jogos do &#8220;time do cora\u00e7\u00e3o&#8221;. <\/p>\n<p>Ascom &#8211; SINSPEB<\/p>\n","protected":false},"excerpt":{"rendered":"<p>SINSPEB lan\u00e7a quadro &#8220;Banco de Talentos&#8221; para homenagear servidores penitenci\u00e1rios baianos Agente penitenci\u00e1rio \u00e9 destaque na corrida de rua da<\/p>\n","protected":false},"author":1,"featured_media":0,"comment_status":"open","ping_status":"open","sticky":false,"template":"","format":"standard","meta":{"colormag_page_container_layout":"default_layout","colormag_page_sidebar_layout":"default_layout","footnotes":""},"categories":[1],"tags":[],"class_list":["post-392","post","type-post","status-publish","format-standard","hentry","category-noticias"],"_links":{"self":[{"href":"https:\/\/sinspeb.org.br\/index.php?rest_route=\/wp\/v2\/posts\/392","targetHints":{"allow":["GET"]}}],"collection":[{"href":"https:\/\/sinspeb.org.br\/index.php?rest_route=\/wp\/v2\/posts"}],"about":[{"href":"https:\/\/sinspeb.org.br\/index.php?rest_route=\/wp\/v2\/types\/post"}],"author":[{"embeddable":true,"href":"https:\/\/sinspeb.org.br\/index.php?rest_route=\/wp\/v2\/users\/1"}],"replies":[{"embeddable":true,"href":"https:\/\/sinspeb.org.br\/index.php?rest_route=%2Fwp%2Fv2%2Fcomments&post=392"}],"version-history":[{"count":12,"href":"https:\/\/sinspeb.org.br\/index.php?rest_route=\/wp\/v2\/posts\/392\/revisions"}],"predecessor-version":[{"id":407,"href":"https:\/\/sinspeb.org.br\/index.php?rest_route=\/wp\/v2\/posts\/392\/revisions\/407"}],"wp:attachment":[{"href":"https:\/\/sinspeb.org.br\/index.php?rest_route=%2Fwp%2Fv2%2Fmedia&parent=392"}],"wp:term":[{"taxonomy":"category","embeddable":true,"href":"https:\/\/sinspeb.org.br\/index.php?rest_route=%2Fwp%2Fv2%2Fcategories&post=392"},{"taxonomy":"post_tag","embeddable":true,"href":"https:\/\/sinspeb.org.br\/index.php?rest_route=%2Fwp%2Fv2%2Ftags&post=392"}],"curies":[{"name":"wp","href":"https:\/\/api.w.org\/{rel}","templated":true}]}}