{"id":411,"date":"2019-09-26T07:47:57","date_gmt":"2019-09-26T10:47:57","guid":{"rendered":"http:\/\/sinspeb.org.br\/?p=411"},"modified":"2019-09-26T07:52:18","modified_gmt":"2019-09-26T10:52:18","slug":"em-viagem-a-brasilia-diretores-do-sinspeb-lutam-pela-aprovacao-da-pec-372-2017","status":"publish","type":"post","link":"https:\/\/sinspeb.org.br\/?p=411","title":{"rendered":"Em viagem \u00e0 Bras\u00edlia, diretores do Sinspeb lutam pela aprova\u00e7\u00e3o da PEC 372\/2017"},"content":{"rendered":"<p>Em viagem \u00e0 Bras\u00edlia, diretores do Sinspeb lutam pela aprova\u00e7\u00e3o da PEC 372\/2017<\/p>\n<p>O Presidente do SINSPEB Reivon Pimentel, acompanhado do Vice Presidente Fernando Fernandes, Coordenador de Promo\u00e7\u00e3o de Eventos &#8211; Jorge Bastos, Coordenador do Interior &#8211; Ramalho Rodrigues, Coordenador Dep. Pesquisa e Estat\u00edstica &#8211; Manoel Marcelo, Coordenador Dep. Aposentados &#8211; Eliel Almeida e do Agente Penitenci\u00e1rio &#8211; Paulo de Jesus Silva, lotado no CPFS, buscaram apoio dos parlamentares \u00e0 PEC que vai promover o reconhecimento constitucional dos agentes penitenci\u00e1rios<\/p>\n<p>Diretores do Sinspeb e representantes de v\u00e1rios sindicatos filiados \u00e0 Federa\u00e7\u00e3o Nacional Sindical dos Servidores Penitenci\u00e1rios (FENASPEN), liderados pelo Presidente da da entidade, Fernando Anuncia\u00e7\u00e3o, procuraram gabinetes de parlamentares, em Bras\u00edlia, onde realizaram um trabalho de &#8220;convencimento&#8221; junto aos deputados na luta pela aprova\u00e7\u00e3o da PEC 372\/2017 que vai criar a pol\u00edcia penal no Brasil.<\/p>\n<p>O Presidente do Sinspeb, Reivon Pimentel, destaca que, devido \u00e0 press\u00e3o feita pelos sindicalistas , o Presidente da C\u00e2mara dos Deputados, Rodrigo Maia, se comprometeu a colocar a PEC 372\/2017 na ordem do dia e poder\u00e1 ser votada, a partir da pr\u00f3xima quarta-feira( 25 ).<\/p>\n<p>Pimentel salienta que a aprova\u00e7\u00e3o da Proposta de Emenda \u00e0 Constitui\u00e7\u00e3o \u00e9 fundamental aos agentes penintenci\u00e1rios do Brasil. Segundo o dirigente sindical, atrav\u00e9s da PEC os agentes penitenci\u00e1rios ter\u00e3o o &#8221; t\u00e3o sonhado&#8221; reconhecimento constitucional.<\/p>\n<p>&#8220;N\u00f3s seremos inclu\u00eddos no Artigo 144 da Constitui\u00e7\u00e3o! Faremos parte de fato e de direito do sistema da Seguran\u00e7a P\u00fablica&#8221;, frisa o Presidente do Sinspeb.<\/p>\n<p>O sindicalista esclarece que, atualmente, os agentes penitenci\u00e1rios n\u00e3o encontram-se no rol das categorias que integram a Seguran\u00e7a P\u00fablica do pa\u00eds. &#8221; N\u00f3s estaremos habilitados a exercer todas as atividades intra e extra muros. Atualmente, a compet\u00eancia de fazer a seguran\u00e7a das unidades prisionais, a exemplo da vigil\u00e2ncia perimetral, escolta e cust\u00f3dia, busca e recaptura de presos, dentre outras, est\u00e3o a cargo da Pol\u00edcia Militar. Quando nos tornarmos policiais penais, passaremos a ocupar todas as atribui\u00e7\u00f5es que est\u00e3o agora com a Pol\u00edcia Militar e outras que executamos sem o devido respaldo legal. Ficaremos respons\u00e1veis por todas as atividades referentes ao sistema prisional. Sem contar as as atividades que n\u00f3s j\u00e1 fazemos, mas ainda n\u00e3o temos o reconhecimento constitucional&#8221;, ressalta, ao agradecer o apoio do deputado federal L\u00e9o Moraes ( PODEMOS-RO) que &#8220;tem feito uma defesa fervorosa da PEC 372\/2017 e, provavelmente, ser\u00e1 o relator da Proposta de Emenda \u00e0 Constitui\u00e7\u00e3o&#8221;.<\/p>\n<p>Nesta semana de luta, os representantes do SINSPEB visitaram diversos gabinetes de parlamentares baianos, a exemplo dos deputados baianos Z\u00e9 Neto( PT- BA), Vice-Presidente do PT na C\u00e2mara, Nelson Pellegrino( PT-BA), pastor Sargento Isid\u00f3rio (AVANTE-BA), Charles (- BA), Marcelo Nilo (PSB &#8211; BA), Tito (-BA), Professora Dayane Pimentel (BA), Igor Can\u00e1rio (BA), Daniel Almeida (PCdoB &#8211; BA), l\u00edder do partido na C\u00e2mara, Alice Portugal (PCdoB &#8211; BA). Al\u00e9m dos congressistas baianos, os sindicalistas dialogaram com as deputadas federais Perp\u00e9tua Almeida(PC do B-AC ), Maciv\u00e2nia Flexa ( PC do B-AP) e Lu\u00edza Erondina (-SP), e com os deputados Sanderson (PSL &#8211; RS) e Sargento Fahur (PSD-PR ). Todos os parlamentares ratificaram o apoio \u00e0 aprova\u00e7\u00e3o da PEC 372\/2017 e firmaram compromisso com a aprova\u00e7\u00e3o da mat\u00e9ria, declararam que v\u00e3o votar a favor da cria\u00e7\u00e3o da pol\u00edcia penal, federal, distrital e estadual.<\/p>\n<p>Na quinta-feira ( 19), diretores do Sinspeb participaram de sess\u00e3o solene, na C\u00e2mara dos Deputados, em homenagem ao anivers\u00e1rio de emancipa\u00e7\u00e3o pol\u00edtica do munic\u00edpio de Feira de Santana.<\/p>\n<p>Ascom Sinspeb<\/p>\n<p><img fetchpriority=\"high\" decoding=\"async\" src=\"http:\/\/sinspeb.org.br\/wp-content\/uploads\/2019\/09\/69156660_2438929026199936_6010588606542905344_n-300x225.jpg\" alt=\"\" width=\"300\" height=\"225\" class=\"aligncenter size-medium wp-image-412\" srcset=\"https:\/\/sinspeb.org.br\/wp-content\/uploads\/2019\/09\/69156660_2438929026199936_6010588606542905344_n-300x225.jpg 300w, https:\/\/sinspeb.org.br\/wp-content\/uploads\/2019\/09\/69156660_2438929026199936_6010588606542905344_n-768x576.jpg 768w, https:\/\/sinspeb.org.br\/wp-content\/uploads\/2019\/09\/69156660_2438929026199936_6010588606542905344_n.jpg 960w\" sizes=\"(max-width: 300px) 100vw, 300px\" \/><\/p>\n<p><img decoding=\"async\" src=\"http:\/\/sinspeb.org.br\/wp-content\/uploads\/2019\/09\/70624062_2438927156200123_3203394279615496192_n-1-300x225.jpg\" alt=\"\" width=\"300\" height=\"225\" class=\"aligncenter size-medium wp-image-413\" srcset=\"https:\/\/sinspeb.org.br\/wp-content\/uploads\/2019\/09\/70624062_2438927156200123_3203394279615496192_n-1-300x225.jpg 300w, https:\/\/sinspeb.org.br\/wp-content\/uploads\/2019\/09\/70624062_2438927156200123_3203394279615496192_n-1-768x576.jpg 768w, https:\/\/sinspeb.org.br\/wp-content\/uploads\/2019\/09\/70624062_2438927156200123_3203394279615496192_n-1.jpg 960w\" sizes=\"(max-width: 300px) 100vw, 300px\" \/><\/p>\n<p><img decoding=\"async\" src=\"http:\/\/sinspeb.org.br\/wp-content\/uploads\/2019\/09\/70624062_2438927156200123_3203394279615496192_n-300x225.jpg\" alt=\"\" width=\"300\" height=\"225\" class=\"aligncenter size-medium wp-image-414\" srcset=\"https:\/\/sinspeb.org.br\/wp-content\/uploads\/2019\/09\/70624062_2438927156200123_3203394279615496192_n-300x225.jpg 300w, https:\/\/sinspeb.org.br\/wp-content\/uploads\/2019\/09\/70624062_2438927156200123_3203394279615496192_n-768x576.jpg 768w, https:\/\/sinspeb.org.br\/wp-content\/uploads\/2019\/09\/70624062_2438927156200123_3203394279615496192_n.jpg 960w\" sizes=\"(max-width: 300px) 100vw, 300px\" \/><\/p>\n<p><img loading=\"lazy\" decoding=\"async\" src=\"http:\/\/sinspeb.org.br\/wp-content\/uploads\/2019\/09\/70626461_2438928209533351_2790799028009304064_n-300x225.jpg\" alt=\"\" width=\"300\" height=\"225\" class=\"aligncenter size-medium wp-image-415\" srcset=\"https:\/\/sinspeb.org.br\/wp-content\/uploads\/2019\/09\/70626461_2438928209533351_2790799028009304064_n-300x225.jpg 300w, https:\/\/sinspeb.org.br\/wp-content\/uploads\/2019\/09\/70626461_2438928209533351_2790799028009304064_n-768x576.jpg 768w, https:\/\/sinspeb.org.br\/wp-content\/uploads\/2019\/09\/70626461_2438928209533351_2790799028009304064_n.jpg 960w\" sizes=\"(max-width: 300px) 100vw, 300px\" \/><\/p>\n<p><img loading=\"lazy\" decoding=\"async\" src=\"http:\/\/sinspeb.org.br\/wp-content\/uploads\/2019\/09\/70728675_2438927882866717_1866634306290450432_n-300x225.jpg\" alt=\"\" width=\"300\" height=\"225\" class=\"aligncenter size-medium wp-image-416\" srcset=\"https:\/\/sinspeb.org.br\/wp-content\/uploads\/2019\/09\/70728675_2438927882866717_1866634306290450432_n-300x225.jpg 300w, https:\/\/sinspeb.org.br\/wp-content\/uploads\/2019\/09\/70728675_2438927882866717_1866634306290450432_n-768x576.jpg 768w, https:\/\/sinspeb.org.br\/wp-content\/uploads\/2019\/09\/70728675_2438927882866717_1866634306290450432_n.jpg 960w\" sizes=\"(max-width: 300px) 100vw, 300px\" \/><\/p>\n<p><img loading=\"lazy\" decoding=\"async\" src=\"http:\/\/sinspeb.org.br\/wp-content\/uploads\/2019\/09\/70761705_2438928542866651_952207984828612608_n-300x225.jpg\" alt=\"\" width=\"300\" height=\"225\" class=\"aligncenter size-medium wp-image-417\" srcset=\"https:\/\/sinspeb.org.br\/wp-content\/uploads\/2019\/09\/70761705_2438928542866651_952207984828612608_n-300x225.jpg 300w, https:\/\/sinspeb.org.br\/wp-content\/uploads\/2019\/09\/70761705_2438928542866651_952207984828612608_n-768x576.jpg 768w, https:\/\/sinspeb.org.br\/wp-content\/uploads\/2019\/09\/70761705_2438928542866651_952207984828612608_n.jpg 960w\" sizes=\"(max-width: 300px) 100vw, 300px\" \/><\/p>\n<p><img loading=\"lazy\" decoding=\"async\" src=\"http:\/\/sinspeb.org.br\/wp-content\/uploads\/2019\/09\/70793700_2438927999533372_245359601740939264_n-300x225.jpg\" alt=\"\" width=\"300\" height=\"225\" class=\"aligncenter size-medium wp-image-418\" srcset=\"https:\/\/sinspeb.org.br\/wp-content\/uploads\/2019\/09\/70793700_2438927999533372_245359601740939264_n-300x225.jpg 300w, https:\/\/sinspeb.org.br\/wp-content\/uploads\/2019\/09\/70793700_2438927999533372_245359601740939264_n-768x576.jpg 768w, https:\/\/sinspeb.org.br\/wp-content\/uploads\/2019\/09\/70793700_2438927999533372_245359601740939264_n.jpg 960w\" sizes=\"(max-width: 300px) 100vw, 300px\" \/><\/p>\n<p><img loading=\"lazy\" decoding=\"async\" src=\"http:\/\/sinspeb.org.br\/wp-content\/uploads\/2019\/09\/70812439_2438928612866644_5451482361088704512_n-300x193.jpg\" alt=\"\" width=\"300\" height=\"193\" class=\"aligncenter size-medium wp-image-419\" srcset=\"https:\/\/sinspeb.org.br\/wp-content\/uploads\/2019\/09\/70812439_2438928612866644_5451482361088704512_n-300x193.jpg 300w, https:\/\/sinspeb.org.br\/wp-content\/uploads\/2019\/09\/70812439_2438928612866644_5451482361088704512_n.jpg 720w\" sizes=\"(max-width: 300px) 100vw, 300px\" \/><\/p>\n<p><img loading=\"lazy\" decoding=\"async\" src=\"http:\/\/sinspeb.org.br\/wp-content\/uploads\/2019\/09\/70835383_2438927416200097_9020547738219053056_n-300x225.jpg\" alt=\"\" width=\"300\" height=\"225\" class=\"aligncenter size-medium wp-image-420\" srcset=\"https:\/\/sinspeb.org.br\/wp-content\/uploads\/2019\/09\/70835383_2438927416200097_9020547738219053056_n-300x225.jpg 300w, https:\/\/sinspeb.org.br\/wp-content\/uploads\/2019\/09\/70835383_2438927416200097_9020547738219053056_n-768x576.jpg 768w, https:\/\/sinspeb.org.br\/wp-content\/uploads\/2019\/09\/70835383_2438927416200097_9020547738219053056_n.jpg 960w\" sizes=\"(max-width: 300px) 100vw, 300px\" \/><\/p>\n<p><img loading=\"lazy\" decoding=\"async\" src=\"http:\/\/sinspeb.org.br\/wp-content\/uploads\/2019\/09\/70871895_2438927342866771_9000037366710140928_n-300x225.jpg\" alt=\"\" width=\"300\" height=\"225\" class=\"aligncenter size-medium wp-image-421\" srcset=\"https:\/\/sinspeb.org.br\/wp-content\/uploads\/2019\/09\/70871895_2438927342866771_9000037366710140928_n-300x225.jpg 300w, https:\/\/sinspeb.org.br\/wp-content\/uploads\/2019\/09\/70871895_2438927342866771_9000037366710140928_n-768x576.jpg 768w, https:\/\/sinspeb.org.br\/wp-content\/uploads\/2019\/09\/70871895_2438927342866771_9000037366710140928_n.jpg 960w\" sizes=\"(max-width: 300px) 100vw, 300px\" \/><\/p>\n<p><img loading=\"lazy\" decoding=\"async\" src=\"http:\/\/sinspeb.org.br\/wp-content\/uploads\/2019\/09\/71084067_2438927239533448_2340428602731921408_n-300x225.jpg\" alt=\"\" width=\"300\" height=\"225\" class=\"aligncenter size-medium wp-image-422\" srcset=\"https:\/\/sinspeb.org.br\/wp-content\/uploads\/2019\/09\/71084067_2438927239533448_2340428602731921408_n-300x225.jpg 300w, https:\/\/sinspeb.org.br\/wp-content\/uploads\/2019\/09\/71084067_2438927239533448_2340428602731921408_n-768x576.jpg 768w, https:\/\/sinspeb.org.br\/wp-content\/uploads\/2019\/09\/71084067_2438927239533448_2340428602731921408_n.jpg 960w\" sizes=\"(max-width: 300px) 100vw, 300px\" \/><\/p>\n<p><img loading=\"lazy\" decoding=\"async\" src=\"http:\/\/sinspeb.org.br\/wp-content\/uploads\/2019\/09\/71145748_2438927669533405_4564124589973569536_n-300x225.jpg\" alt=\"\" width=\"300\" height=\"225\" class=\"aligncenter size-medium wp-image-423\" srcset=\"https:\/\/sinspeb.org.br\/wp-content\/uploads\/2019\/09\/71145748_2438927669533405_4564124589973569536_n-300x225.jpg 300w, https:\/\/sinspeb.org.br\/wp-content\/uploads\/2019\/09\/71145748_2438927669533405_4564124589973569536_n-768x576.jpg 768w, https:\/\/sinspeb.org.br\/wp-content\/uploads\/2019\/09\/71145748_2438927669533405_4564124589973569536_n.jpg 960w\" sizes=\"(max-width: 300px) 100vw, 300px\" \/><\/p>\n<p><img loading=\"lazy\" decoding=\"async\" src=\"http:\/\/sinspeb.org.br\/wp-content\/uploads\/2019\/09\/71520101_2438928316200007_830591961458016256_n-300x225.jpg\" alt=\"\" width=\"300\" height=\"225\" class=\"aligncenter size-medium wp-image-424\" srcset=\"https:\/\/sinspeb.org.br\/wp-content\/uploads\/2019\/09\/71520101_2438928316200007_830591961458016256_n-300x225.jpg 300w, https:\/\/sinspeb.org.br\/wp-content\/uploads\/2019\/09\/71520101_2438928316200007_830591961458016256_n-768x576.jpg 768w, https:\/\/sinspeb.org.br\/wp-content\/uploads\/2019\/09\/71520101_2438928316200007_830591961458016256_n.jpg 960w\" sizes=\"(max-width: 300px) 100vw, 300px\" \/><\/p>\n<p><img loading=\"lazy\" decoding=\"async\" src=\"http:\/\/sinspeb.org.br\/wp-content\/uploads\/2019\/09\/71536320_2438928426199996_3815843310216413184_n-300x225.jpg\" alt=\"\" width=\"300\" height=\"225\" class=\"aligncenter size-medium wp-image-425\" srcset=\"https:\/\/sinspeb.org.br\/wp-content\/uploads\/2019\/09\/71536320_2438928426199996_3815843310216413184_n-300x225.jpg 300w, https:\/\/sinspeb.org.br\/wp-content\/uploads\/2019\/09\/71536320_2438928426199996_3815843310216413184_n-768x576.jpg 768w, https:\/\/sinspeb.org.br\/wp-content\/uploads\/2019\/09\/71536320_2438928426199996_3815843310216413184_n.jpg 960w\" sizes=\"(max-width: 300px) 100vw, 300px\" \/><\/p>\n","protected":false},"excerpt":{"rendered":"<p>Em viagem \u00e0 Bras\u00edlia, diretores do Sinspeb lutam pela aprova\u00e7\u00e3o da PEC 372\/2017 O Presidente do SINSPEB Reivon Pimentel, acompanhado<\/p>\n","protected":false},"author":1,"featured_media":0,"comment_status":"open","ping_status":"open","sticky":false,"template":"","format":"standard","meta":{"colormag_page_container_layout":"default_layout","colormag_page_sidebar_layout":"default_layout","footnotes":""},"categories":[1],"tags":[],"class_list":["post-411","post","type-post","status-publish","format-standard","hentry","category-noticias"],"_links":{"self":[{"href":"https:\/\/sinspeb.org.br\/index.php?rest_route=\/wp\/v2\/posts\/411","targetHints":{"allow":["GET"]}}],"collection":[{"href":"https:\/\/sinspeb.org.br\/index.php?rest_route=\/wp\/v2\/posts"}],"about":[{"href":"https:\/\/sinspeb.org.br\/index.php?rest_route=\/wp\/v2\/types\/post"}],"author":[{"embeddable":true,"href":"https:\/\/sinspeb.org.br\/index.php?rest_route=\/wp\/v2\/users\/1"}],"replies":[{"embeddable":true,"href":"https:\/\/sinspeb.org.br\/index.php?rest_route=%2Fwp%2Fv2%2Fcomments&post=411"}],"version-history":[{"count":1,"href":"https:\/\/sinspeb.org.br\/index.php?rest_route=\/wp\/v2\/posts\/411\/revisions"}],"predecessor-version":[{"id":426,"href":"https:\/\/sinspeb.org.br\/index.php?rest_route=\/wp\/v2\/posts\/411\/revisions\/426"}],"wp:attachment":[{"href":"https:\/\/sinspeb.org.br\/index.php?rest_route=%2Fwp%2Fv2%2Fmedia&parent=411"}],"wp:term":[{"taxonomy":"category","embeddable":true,"href":"https:\/\/sinspeb.org.br\/index.php?rest_route=%2Fwp%2Fv2%2Fcategories&post=411"},{"taxonomy":"post_tag","embeddable":true,"href":"https:\/\/sinspeb.org.br\/index.php?rest_route=%2Fwp%2Fv2%2Ftags&post=411"}],"curies":[{"name":"wp","href":"https:\/\/api.w.org\/{rel}","templated":true}]}}