{"id":427,"date":"2019-09-26T07:51:58","date_gmt":"2019-09-26T10:51:58","guid":{"rendered":"http:\/\/sinspeb.org.br\/?p=427"},"modified":"2019-09-26T07:59:25","modified_gmt":"2019-09-26T10:59:25","slug":"banco-de-talentos-servidora-realiza-trabalho-social-com-criancas-do-municipio-de-jequie","status":"publish","type":"post","link":"https:\/\/sinspeb.org.br\/?p=427","title":{"rendered":"Banco de Talentos: servidora realiza trabalho social com crian\u00e7as do munic\u00edpio de Jequi\u00e9"},"content":{"rendered":"<p>Banco de Talentos: servidora realiza trabalho social com crian\u00e7as do munic\u00edpio de Jequi\u00e9  <\/p>\n<p>A T\u00e9cnica em Enfermagem possui 21 anos como servidora vinculada \u00e0 SEAP<\/p>\n<p><img fetchpriority=\"high\" decoding=\"async\" src=\"http:\/\/sinspeb.org.br\/wp-content\/uploads\/2019\/09\/Card-sandra-300x300.png\" alt=\"\" width=\"300\" height=\"300\" class=\"aligncenter size-medium wp-image-428\" srcset=\"https:\/\/sinspeb.org.br\/wp-content\/uploads\/2019\/09\/Card-sandra-300x300.png 300w, https:\/\/sinspeb.org.br\/wp-content\/uploads\/2019\/09\/Card-sandra-150x150.png 150w, https:\/\/sinspeb.org.br\/wp-content\/uploads\/2019\/09\/Card-sandra-768x768.png 768w, https:\/\/sinspeb.org.br\/wp-content\/uploads\/2019\/09\/Card-sandra.png 1024w\" sizes=\"(max-width: 300px) 100vw, 300px\" \/><\/p>\n<p>Nossa homenageada do quadro &#8220;Banco de Talentos&#8221;, desta quinta-feira (26\/09), \u00e9 Sandra Maria Souza, T\u00e9cnica em Enfermagem, T\u00e9cnica em  Contabilidade, graduada em Administra\u00e7\u00e3o e em  Teologia e graduanda do curso de Farm\u00e1cia. A T\u00e9cnica em Enfermagem \u00e9 vinculada \u00e0 Secretaria de Administra\u00e7\u00e3o Penitenci\u00e1ria e Ressocializa\u00e7\u00e3o (SEAP) h\u00e1 21 anos, lotada no Conjunto Penal de Jequi\u00e9 e atua, tamb\u00e9m, como servidora da Sesab, lotada no Hospital Geral Prado Valadares.<\/p>\n<p><img decoding=\"async\" src=\"http:\/\/sinspeb.org.br\/wp-content\/uploads\/2019\/09\/IMG-20190916-WA0014-169x300.jpg\" alt=\"\" width=\"169\" height=\"300\" class=\"aligncenter size-medium wp-image-429\" srcset=\"https:\/\/sinspeb.org.br\/wp-content\/uploads\/2019\/09\/IMG-20190916-WA0014-169x300.jpg 169w, https:\/\/sinspeb.org.br\/wp-content\/uploads\/2019\/09\/IMG-20190916-WA0014-576x1024.jpg 576w, https:\/\/sinspeb.org.br\/wp-content\/uploads\/2019\/09\/IMG-20190916-WA0014.jpg 720w\" sizes=\"(max-width: 169px) 100vw, 169px\" \/><\/p>\n<p>A servidora \u00e9 uma das coordenadoras do projeto social &#8220;Cultuarte&#8221; promovido pela igreja &#8220;Evang\u00e9lica Fam\u00edlia de Deus&#8221;,  que possui a Dire\u00e7\u00e3o Geral do pastor Ivan Lu\u00eds e da pastora Neide Moura, e atende crian\u00e7as de 6 a 11 anos, dos bairros de Mandacaru, kil\u00f4metro 3 e kil\u00f4metro 4, do munic\u00edpio de Jequi\u00e9. O projeto \u00e9 promovido aos s\u00e1bados, das 13h \u00e0s 17 h. As tardes dos s\u00e1bados s\u00e3o iniciadas com o &#8220;Momento C\u00edvico&#8221; o qual cantam o Hino Nacional, hasteiam as  bandeiras do Brasil, do munic\u00edpio, do Estado e da igreja. A atividade conta com presen\u00e7a de autoridades,  jornalistas, policiais militares e corpo de bombeiros com o objetivo de educar as crian\u00e7as, transmitir &#8220;bons valores&#8221; e fazer uma reflex\u00e3o sobre \u00e9tica, moral e comportamento.<\/p>\n<p><img decoding=\"async\" src=\"http:\/\/sinspeb.org.br\/wp-content\/uploads\/2019\/09\/IMG-20190916-WA0009-300x225.jpg\" alt=\"\" width=\"300\" height=\"225\" class=\"aligncenter size-medium wp-image-430\" srcset=\"https:\/\/sinspeb.org.br\/wp-content\/uploads\/2019\/09\/IMG-20190916-WA0009-300x225.jpg 300w, https:\/\/sinspeb.org.br\/wp-content\/uploads\/2019\/09\/IMG-20190916-WA0009-768x576.jpg 768w, https:\/\/sinspeb.org.br\/wp-content\/uploads\/2019\/09\/IMG-20190916-WA0009-1024x768.jpg 1024w, https:\/\/sinspeb.org.br\/wp-content\/uploads\/2019\/09\/IMG-20190916-WA0009.jpg 1040w\" sizes=\"(max-width: 300px) 100vw, 300px\" \/><\/p>\n<p>Ap\u00f3s o momento c\u00edvico, ocorre o &#8220;devocional&#8221; destinado \u00e0s reflex\u00f5es b\u00edblicas. A servidora salienta que o projeto envolve crian\u00e7as de diversas religi\u00f5es e  consiste em multiplicar o conhecimento b\u00edblico sem &#8220;prega\u00e7\u00e3o&#8221; de determinado segmento religioso. &#8220;O projeto preza pelo respeito \u00e0 diversidade religiosa&#8221;, pontua.<\/p>\n<p><img loading=\"lazy\" decoding=\"async\" src=\"http:\/\/sinspeb.org.br\/wp-content\/uploads\/2019\/09\/IMG-20190916-WA0010-300x225.jpg\" alt=\"\" width=\"300\" height=\"225\" class=\"aligncenter size-medium wp-image-431\" srcset=\"https:\/\/sinspeb.org.br\/wp-content\/uploads\/2019\/09\/IMG-20190916-WA0010-300x225.jpg 300w, https:\/\/sinspeb.org.br\/wp-content\/uploads\/2019\/09\/IMG-20190916-WA0010-768x576.jpg 768w, https:\/\/sinspeb.org.br\/wp-content\/uploads\/2019\/09\/IMG-20190916-WA0010-1024x768.jpg 1024w, https:\/\/sinspeb.org.br\/wp-content\/uploads\/2019\/09\/IMG-20190916-WA0010.jpg 1040w\" sizes=\"(max-width: 300px) 100vw, 300px\" \/><\/p>\n<p>As crian\u00e7as s\u00e3o divididas em grupos de acordo com o grau de escolaridade e beneficiadas com refor\u00e7o escolar. &#8220;S\u00e3o crian\u00e7as de periferia, muito pobres e muitas est\u00e3o repetindo o ano. Ent\u00e3o, a gente oferece o refor\u00e7o escolar para ajudar essas crian\u00e7as que possuem dificuldade de acesso \u00e0 educa\u00e7\u00e3o&#8221;, ressalta.<\/p>\n<div style=\"width: 400px;\" class=\"wp-video\"><!--[if lt IE 9]><script>document.createElement('video');<\/script><![endif]-->\n<video class=\"wp-video-shortcode\" id=\"video-427-1\" width=\"400\" height=\"220\" preload=\"metadata\" controls=\"controls\"><source type=\"video\/mp4\" src=\"http:\/\/sinspeb.org.br\/wp-content\/uploads\/2019\/09\/10000000_395728781091291_4370856438952624128_n.mp4?_=1\" \/><a href=\"http:\/\/sinspeb.org.br\/wp-content\/uploads\/2019\/09\/10000000_395728781091291_4370856438952624128_n.mp4\">http:\/\/sinspeb.org.br\/wp-content\/uploads\/2019\/09\/10000000_395728781091291_4370856438952624128_n.mp4<\/a><\/video><\/div>\n<p>Al\u00e9m do refor\u00e7o escolar, as crian\u00e7as  participam de oficinas de artesanato, canto, jud\u00f4, &#8220;brincadeiras coletivas&#8221;, como as  aulas de futebol e pula corda.   &#8220;Infelizmente, a oficina de inform\u00e1tica est\u00e1 suspensa porque os computadores est\u00e3o quebrados. Estamos precisando de mais institui\u00e7\u00f5es parceiras para nos ajudar a retomar o trabalho que faz\u00edamos no setor de inform\u00e1tica&#8221;, salienta a servidora, ao ressaltar que as crian\u00e7as que adotam &#8220;um bom comportamento&#8221;, recebem,  ao final do s\u00e1bado, o &#8220;Diaf\u00e9&#8221; que significa &#8220;Disciplina, Amor e F\u00e9&#8221;, notas em dinheiro que  utilizam para adquirir produtos nos eventos organizados pela igreja conhecidos como  &#8220;DiaFest&#8221;, uma esp\u00e9cie de bazar, feiras de comercializa\u00e7\u00e3o. <\/p>\n<p>Nosso Talento da semana \u00e9 casada, tem um filho de 21 anos e uma filha de 18 anos, e tem como principais hobbies estudar e viajar.<\/p>\n<p>Ascom Sinspeb<\/p>\n","protected":false},"excerpt":{"rendered":"<p>Banco de Talentos: servidora realiza trabalho social com crian\u00e7as do munic\u00edpio de Jequi\u00e9 A T\u00e9cnica em Enfermagem possui 21 anos<\/p>\n","protected":false},"author":1,"featured_media":0,"comment_status":"open","ping_status":"open","sticky":false,"template":"","format":"standard","meta":{"colormag_page_container_layout":"default_layout","colormag_page_sidebar_layout":"default_layout","footnotes":""},"categories":[1],"tags":[],"class_list":["post-427","post","type-post","status-publish","format-standard","hentry","category-noticias"],"_links":{"self":[{"href":"https:\/\/sinspeb.org.br\/index.php?rest_route=\/wp\/v2\/posts\/427","targetHints":{"allow":["GET"]}}],"collection":[{"href":"https:\/\/sinspeb.org.br\/index.php?rest_route=\/wp\/v2\/posts"}],"about":[{"href":"https:\/\/sinspeb.org.br\/index.php?rest_route=\/wp\/v2\/types\/post"}],"author":[{"embeddable":true,"href":"https:\/\/sinspeb.org.br\/index.php?rest_route=\/wp\/v2\/users\/1"}],"replies":[{"embeddable":true,"href":"https:\/\/sinspeb.org.br\/index.php?rest_route=%2Fwp%2Fv2%2Fcomments&post=427"}],"version-history":[{"count":3,"href":"https:\/\/sinspeb.org.br\/index.php?rest_route=\/wp\/v2\/posts\/427\/revisions"}],"predecessor-version":[{"id":435,"href":"https:\/\/sinspeb.org.br\/index.php?rest_route=\/wp\/v2\/posts\/427\/revisions\/435"}],"wp:attachment":[{"href":"https:\/\/sinspeb.org.br\/index.php?rest_route=%2Fwp%2Fv2%2Fmedia&parent=427"}],"wp:term":[{"taxonomy":"category","embeddable":true,"href":"https:\/\/sinspeb.org.br\/index.php?rest_route=%2Fwp%2Fv2%2Fcategories&post=427"},{"taxonomy":"post_tag","embeddable":true,"href":"https:\/\/sinspeb.org.br\/index.php?rest_route=%2Fwp%2Fv2%2Ftags&post=427"}],"curies":[{"name":"wp","href":"https:\/\/api.w.org\/{rel}","templated":true}]}}