{"id":437,"date":"2019-10-09T11:23:26","date_gmt":"2019-10-09T14:23:26","guid":{"rendered":"http:\/\/sinspeb.org.br\/?p=437"},"modified":"2019-10-09T11:23:26","modified_gmt":"2019-10-09T14:23:26","slug":"em-brasilia-sinspeb-pede-mais-celeridade-na-execucao-do-repasse-do-programa-fundo-a-fundo","status":"publish","type":"post","link":"https:\/\/sinspeb.org.br\/?p=437","title":{"rendered":"Em Bras\u00edlia, SINSPEB pede mais celeridade na execu\u00e7\u00e3o do repasse do programa &#8221; Fundo a Fundo&#8221;"},"content":{"rendered":"<p>Em Bras\u00edlia, SINSPEB pede mais celeridade na execu\u00e7\u00e3o do repasse do programa &#8221; Fundo a Fundo&#8221; <\/p>\n<p>Al\u00e9m de denunciar a morosidade da aplica\u00e7\u00e3o dos recursos, o sindicato solicitou documentos da presta\u00e7\u00e3o de contas enviados pela Seap ao Depen<\/p>\n<p><img fetchpriority=\"high\" decoding=\"async\" src=\"http:\/\/sinspeb.org.br\/wp-content\/uploads\/2019\/10\/IMG-20191007-WA0026-300x225.jpg\" alt=\"\" width=\"300\" height=\"225\" class=\"aligncenter size-medium wp-image-440\" srcset=\"https:\/\/sinspeb.org.br\/wp-content\/uploads\/2019\/10\/IMG-20191007-WA0026-300x225.jpg 300w, https:\/\/sinspeb.org.br\/wp-content\/uploads\/2019\/10\/IMG-20191007-WA0026-768x576.jpg 768w, https:\/\/sinspeb.org.br\/wp-content\/uploads\/2019\/10\/IMG-20191007-WA0026-1024x768.jpg 1024w, https:\/\/sinspeb.org.br\/wp-content\/uploads\/2019\/10\/IMG-20191007-WA0026.jpg 1280w\" sizes=\"(max-width: 300px) 100vw, 300px\" \/><\/p>\n<p>O Sindicato dos Servidores Penitenci\u00e1rios do Estado da Bahia  atrav\u00e9s de of\u00edcio protocolado  junto \u00e0 Ouvidoria-Geral do Depen, solicita ao \u00f3rg\u00e3o a execu\u00e7\u00e3o dos recursos do &#8220;Fundo a Fundo&#8221; em car\u00e1ter emergencial. Segundo o presidente do SINSPEB,  Reivon Pimentel, os agentes penitenci\u00e1rios baianos est\u00e3o sendo prejudicados com o &#8220;n\u00e3o funcionamento&#8221; da Escola Penitenci\u00e1ria que, inclusive, j\u00e1 encontra-se constru\u00edda e, devido \u00e0 aus\u00eancia de um instrumento legal, ainda n\u00e3o  est\u00e1 beneficiando os servidores que precisam do local para realizar os cursos de qualifica\u00e7\u00e3o e os treinamentos.<\/p>\n<p>Durante reuni\u00e3o com a  Ouvidora- Geral em exerc\u00edcio, Paula Cristina da Silva Godoy, o sindicato fez a den\u00fancia e ressaltou os preju\u00edzos que est\u00e3o sendo trazidos por causa da n\u00e3o execu\u00e7\u00e3o dos recursos do  &#8220;Fundo a Fundo&#8221;.<\/p>\n<p><img decoding=\"async\" src=\"http:\/\/sinspeb.org.br\/wp-content\/uploads\/2019\/10\/IMG-20191007-WA0028-300x225.jpg\" alt=\"\" width=\"300\" height=\"225\" class=\"aligncenter size-medium wp-image-439\" srcset=\"https:\/\/sinspeb.org.br\/wp-content\/uploads\/2019\/10\/IMG-20191007-WA0028-300x225.jpg 300w, https:\/\/sinspeb.org.br\/wp-content\/uploads\/2019\/10\/IMG-20191007-WA0028-768x576.jpg 768w, https:\/\/sinspeb.org.br\/wp-content\/uploads\/2019\/10\/IMG-20191007-WA0028-1024x768.jpg 1024w, https:\/\/sinspeb.org.br\/wp-content\/uploads\/2019\/10\/IMG-20191007-WA0028.jpg 1280w\" sizes=\"(max-width: 300px) 100vw, 300px\" \/><\/p>\n<p>&#8221; Informamos que o recurso n\u00e3o vem sendo executado e os poucos equipamentos comprados como armamentos e muni\u00e7\u00e3o qu\u00edmica n\u00e3o est\u00e3o sendo utilizados pelos agentes penitenci\u00e1rios por falta de capacita\u00e7\u00e3o&#8221;, frisou o Presidente do SINSPEB, Reivon Pimentel.<\/p>\n<p>O l\u00edder sindical pontua que o  segundo of\u00edcio protocolado foi direcionado ao diretor de Pol\u00edticas Penitenci\u00e1rias, Sandro Abel, o qual  solicitou todos os documentos referentes ao repasse do Programa Fundo a Fundo. O sindicalista cita como exemplo, os planos de aplica\u00e7\u00e3o, relat\u00f3rios semestrais enviados pela SEAP para avalia\u00e7\u00e3o do DEPEN e repostas do Depen aos relat\u00f3rios. &#8220;N\u00f3s precisamos dessa documenta\u00e7\u00e3o para buscarmos os \u00f3rg\u00e3os fiscalizadores e fazermos a den\u00fancia&#8221;, salienta Reivon Pimentel.<\/p>\n<p>Ascom SINSPEB<\/p>\n","protected":false},"excerpt":{"rendered":"<p>Em Bras\u00edlia, SINSPEB pede mais celeridade na execu\u00e7\u00e3o do repasse do programa &#8221; Fundo a Fundo&#8221; Al\u00e9m de denunciar a<\/p>\n","protected":false},"author":1,"featured_media":0,"comment_status":"open","ping_status":"open","sticky":false,"template":"","format":"standard","meta":{"colormag_page_container_layout":"default_layout","colormag_page_sidebar_layout":"default_layout","footnotes":""},"categories":[1],"tags":[],"class_list":["post-437","post","type-post","status-publish","format-standard","hentry","category-noticias"],"_links":{"self":[{"href":"https:\/\/sinspeb.org.br\/index.php?rest_route=\/wp\/v2\/posts\/437","targetHints":{"allow":["GET"]}}],"collection":[{"href":"https:\/\/sinspeb.org.br\/index.php?rest_route=\/wp\/v2\/posts"}],"about":[{"href":"https:\/\/sinspeb.org.br\/index.php?rest_route=\/wp\/v2\/types\/post"}],"author":[{"embeddable":true,"href":"https:\/\/sinspeb.org.br\/index.php?rest_route=\/wp\/v2\/users\/1"}],"replies":[{"embeddable":true,"href":"https:\/\/sinspeb.org.br\/index.php?rest_route=%2Fwp%2Fv2%2Fcomments&post=437"}],"version-history":[{"count":1,"href":"https:\/\/sinspeb.org.br\/index.php?rest_route=\/wp\/v2\/posts\/437\/revisions"}],"predecessor-version":[{"id":441,"href":"https:\/\/sinspeb.org.br\/index.php?rest_route=\/wp\/v2\/posts\/437\/revisions\/441"}],"wp:attachment":[{"href":"https:\/\/sinspeb.org.br\/index.php?rest_route=%2Fwp%2Fv2%2Fmedia&parent=437"}],"wp:term":[{"taxonomy":"category","embeddable":true,"href":"https:\/\/sinspeb.org.br\/index.php?rest_route=%2Fwp%2Fv2%2Fcategories&post=437"},{"taxonomy":"post_tag","embeddable":true,"href":"https:\/\/sinspeb.org.br\/index.php?rest_route=%2Fwp%2Fv2%2Ftags&post=437"}],"curies":[{"name":"wp","href":"https:\/\/api.w.org\/{rel}","templated":true}]}}