{"id":442,"date":"2019-10-10T23:15:13","date_gmt":"2019-10-11T02:15:13","guid":{"rendered":"http:\/\/sinspeb.org.br\/?p=442"},"modified":"2019-10-10T23:15:13","modified_gmt":"2019-10-11T02:15:13","slug":"agentes-penitenciarios-comemoram-aprovacao-da-pec-372-2017-que-cria-a-policia-penal-no-brasil","status":"publish","type":"post","link":"https:\/\/sinspeb.org.br\/?p=442","title":{"rendered":"Agentes penitenci\u00e1rios comemoram aprova\u00e7\u00e3o da PEC 372\/2017 que cria a Pol\u00edcia Penal no Brasil"},"content":{"rendered":"<p>Agentes penitenci\u00e1rios comemoram aprova\u00e7\u00e3o da PEC 372\/2017 que cria a Pol\u00edcia Penal no Brasil<\/p>\n<p>A PEC 372\/ 2017 foi aprovada, na madrugada desta quinta-feira(10), por quase unanimidade dos parlamentares da C\u00e2mara dos Deputados; foram 402 votos favor\u00e1veis e 8 contr\u00e1rios<\/p>\n<p><img fetchpriority=\"high\" decoding=\"async\" src=\"http:\/\/sinspeb.org.br\/wp-content\/uploads\/2019\/10\/IMG-20191010-WA0061-300x169.jpg\" alt=\"\" width=\"300\" height=\"169\" class=\"aligncenter size-medium wp-image-444\" srcset=\"https:\/\/sinspeb.org.br\/wp-content\/uploads\/2019\/10\/IMG-20191010-WA0061-300x169.jpg 300w, https:\/\/sinspeb.org.br\/wp-content\/uploads\/2019\/10\/IMG-20191010-WA0061-768x432.jpg 768w, https:\/\/sinspeb.org.br\/wp-content\/uploads\/2019\/10\/IMG-20191010-WA0061-1024x576.jpg 1024w, https:\/\/sinspeb.org.br\/wp-content\/uploads\/2019\/10\/IMG-20191010-WA0061.jpg 1280w\" sizes=\"(max-width: 300px) 100vw, 300px\" \/><\/p>\n<p>Com a aprova\u00e7\u00e3o da PEC, os atuais agentes penitenci\u00e1rios ser\u00e3o considerados &#8220;Pol\u00edcias Penais&#8221; e ter\u00e3o  os mesmos direitos que os  policiais militares, civis, rodovi\u00e1rios federais e policiais federais.<\/p>\n<p> Para o Presidente do Sinspeb, Reivon Pimentel, a aprova\u00e7\u00e3o da PEC 372\/2017 representa uma &#8220;nova era&#8221; para os servidores penitenci\u00e1rios do pa\u00eds ao incluir os agentes no Art. 144 da Constitui\u00e7\u00e3o Brasileira e, assim, garantir o reconhecimento  constitucional dos servidores. <\/p>\n<p>&#8221; Agora seremos  policiais penais de fato e de direito porque as atividades de pol\u00edcia os agentes penitenci\u00e1rios j\u00e1 exerciam no seu dia a dia. A diferen\u00e7a \u00e9 que com a aprova\u00e7\u00e3o da PEC, n\u00f3s teremos um respaldo legal e o Estado ficar\u00e1 mais fortalecido dentro das unidades prisionais&#8221;, comemora o Presidente do Sinspeb, Reivon Pimentel.<\/p>\n<p>O sindicalista salienta que, na condi\u00e7\u00e3o de &#8220;Policiais Penais&#8221;, ter\u00e3o direito \u00e0 Aposentadoria Especial e  tratamento ison\u00f4mico em rela\u00e7\u00e3o \u00e0s demais  for\u00e7as policiais.<\/p>\n<p> O Presidente do Sinspeb, Reivon Pimentel, salienta que, atualmente, os agentes penitenci\u00e1rios n\u00e3o podem participar dos cursos de capacita\u00e7\u00e3o oferecidos pela Secretaria Nacional de Seguran\u00e7a P\u00fablica (Senasp).<\/p>\n<p> &#8220;Com a aprova\u00e7\u00e3o da PEC e a transforma\u00e7\u00e3o do nosso cargo em Agente de Polic\u00eda Penal, n\u00f3s teremos direito \u00e0 capacita\u00e7\u00e3o e a todos os benef\u00edcios ofertados pela Senasp aos demais agentes de Seguran\u00e7a P\u00fablica&#8221;, pontua o Presidente do Sinspeb,  ao agradecer o apoio dos deputados federais baianos e de diversos Estados do pa\u00eds  que votaram pela aprova\u00e7\u00e3o da PEC 372\/2017.<\/p>\n<p>O Sindicato dos Servidores Penitenci\u00e1rios (Sinspeb) afirma que a  Emenda Constitucional que implementa a Pol\u00edcia Penal no Brasil \u00e9 a maior a\u00e7\u00e3o pol\u00edtica na \u00e1rea de Seguran\u00e7a P\u00fablica desde a Constituinte de 1988. &#8220;Criar a Pol\u00edcia Penal \u00e9 colocar a soberania Estatal dentro das unidades prisionais do pa\u00eds, \u00e9 atacar o cora\u00e7\u00e3o do crime organizado, \u00e9 frear a viol\u00eancia dentro das pris\u00f5es possibilitando reais condi\u00e7\u00f5es de reabilita\u00e7\u00e3o para a reinser\u00e7\u00e3o social&#8221;, declara o sindicato. <\/p>\n<p>Ascom Sinspeb<\/p>\n","protected":false},"excerpt":{"rendered":"<p>Agentes penitenci\u00e1rios comemoram aprova\u00e7\u00e3o da PEC 372\/2017 que cria a Pol\u00edcia Penal no Brasil A PEC 372\/ 2017 foi aprovada,<\/p>\n","protected":false},"author":1,"featured_media":0,"comment_status":"open","ping_status":"open","sticky":false,"template":"","format":"standard","meta":{"colormag_page_container_layout":"default_layout","colormag_page_sidebar_layout":"default_layout","footnotes":""},"categories":[1],"tags":[],"class_list":["post-442","post","type-post","status-publish","format-standard","hentry","category-noticias"],"_links":{"self":[{"href":"https:\/\/sinspeb.org.br\/index.php?rest_route=\/wp\/v2\/posts\/442","targetHints":{"allow":["GET"]}}],"collection":[{"href":"https:\/\/sinspeb.org.br\/index.php?rest_route=\/wp\/v2\/posts"}],"about":[{"href":"https:\/\/sinspeb.org.br\/index.php?rest_route=\/wp\/v2\/types\/post"}],"author":[{"embeddable":true,"href":"https:\/\/sinspeb.org.br\/index.php?rest_route=\/wp\/v2\/users\/1"}],"replies":[{"embeddable":true,"href":"https:\/\/sinspeb.org.br\/index.php?rest_route=%2Fwp%2Fv2%2Fcomments&post=442"}],"version-history":[{"count":2,"href":"https:\/\/sinspeb.org.br\/index.php?rest_route=\/wp\/v2\/posts\/442\/revisions"}],"predecessor-version":[{"id":446,"href":"https:\/\/sinspeb.org.br\/index.php?rest_route=\/wp\/v2\/posts\/442\/revisions\/446"}],"wp:attachment":[{"href":"https:\/\/sinspeb.org.br\/index.php?rest_route=%2Fwp%2Fv2%2Fmedia&parent=442"}],"wp:term":[{"taxonomy":"category","embeddable":true,"href":"https:\/\/sinspeb.org.br\/index.php?rest_route=%2Fwp%2Fv2%2Fcategories&post=442"},{"taxonomy":"post_tag","embeddable":true,"href":"https:\/\/sinspeb.org.br\/index.php?rest_route=%2Fwp%2Fv2%2Ftags&post=442"}],"curies":[{"name":"wp","href":"https:\/\/api.w.org\/{rel}","templated":true}]}}