{"id":449,"date":"2019-10-13T08:30:32","date_gmt":"2019-10-13T11:30:32","guid":{"rendered":"http:\/\/sinspeb.org.br\/?p=449"},"modified":"2019-10-13T08:30:32","modified_gmt":"2019-10-13T11:30:32","slug":"em-reuniao-com-a-diretoria-de-politicas-penitenciarias-sinspeb-denuncia-quadro-de-precariedade-do-sistema-prisional-baiano","status":"publish","type":"post","link":"https:\/\/sinspeb.org.br\/?p=449","title":{"rendered":"Em reuni\u00e3o com a Diretoria de Pol\u00edticas Penitenci\u00e1rias, SINSPEB denuncia quadro de precariedade do sistema prisional baiano"},"content":{"rendered":"<p>Em reuni\u00e3o com a Diretoria de Pol\u00edticas Penitenci\u00e1rias, SINSPEB denuncia quadro de precariedade do sistema prisional baiano<\/p>\n<p> O Presidente do sindicato destacou os preju\u00edzos que est\u00e3o sendo trazidos aos agentes penitenci\u00e1rios ocasionados pela &#8220;n\u00e3o inaugura\u00e7\u00e3o&#8221; da Escola Penitenci\u00e1ria<\/p>\n<p>Com o objetivo de informar sobre a den\u00fancia que o SINSPEB protocolou junto \u00e0 Ouvidoria Geral do Departamento Penitenci\u00e1rio Nacional (DEPEN) e solicitar que a Coordenadoria-Geral de Gest\u00e3o de Instrumentos e de Repasse (CGGIR) forne\u00e7a ao sindicato a documenta\u00e7\u00e3o referente ao programa &#8220;Fundo a Fundo&#8221;, como os planos de aplica\u00e7\u00e3o e os relat\u00f3rios semestrais, o Presidente do SINSPEB, Reivon Pimentel, se reuniu com Coordenadora do (CGGIR), Lidiane Barbosa, durante viagem \u00e0 Bras\u00edlia.<\/p>\n<p><img fetchpriority=\"high\" decoding=\"async\" src=\"http:\/\/sinspeb.org.br\/wp-content\/uploads\/2019\/10\/IMG-20191012-WA0049-300x169.jpg\" alt=\"\" width=\"300\" height=\"169\" class=\"aligncenter size-medium wp-image-450\" srcset=\"https:\/\/sinspeb.org.br\/wp-content\/uploads\/2019\/10\/IMG-20191012-WA0049-300x169.jpg 300w, https:\/\/sinspeb.org.br\/wp-content\/uploads\/2019\/10\/IMG-20191012-WA0049-768x432.jpg 768w, https:\/\/sinspeb.org.br\/wp-content\/uploads\/2019\/10\/IMG-20191012-WA0049-1024x576.jpg 1024w, https:\/\/sinspeb.org.br\/wp-content\/uploads\/2019\/10\/IMG-20191012-WA0049.jpg 1280w\" sizes=\"(max-width: 300px) 100vw, 300px\" \/><\/p>\n<p>Na oportunidade, o Presidente do SINSPEB destacou a necessidade de inaugura\u00e7\u00e3o, imediata, da Escola Penitenci\u00e1ria. &#8220;Fizemos um relato minucioso da situa\u00e7\u00e3o do sistema prisional da Bahia e, em especial, a morosidade em executar os recursos, informando que a Escola Penitenci\u00e1ria j\u00e1 se encontra pronta, aparelhada e, por falta de um instrumento legal por parte do Governo da Bahia, a referida institui\u00e7\u00e3o ainda n\u00e3o foi inaugurada&#8221;, lamentou Pimentel. <\/p>\n<p>O l\u00edder sindical frisou que os agentes penitenci\u00e1rios est\u00e3o impedidos de se capacitar e de realizar os treinamentos devido ao &#8220;n\u00e3o funcionamento&#8221; da Escola Penitenci\u00e1ria. &#8220;Os armamentos institucionais e as muni\u00e7\u00f5es qu\u00edmicas que foram compradas com o recurso da modalidade Fundo a Fundo ainda n\u00e3o foram utilizadas devido \u00e0 falta de capacita\u00e7\u00e3o dos servidores&#8221;, alfineta o Presidente do SINSPEB, ao ressaltar que a letargia para inaugurar a Escola Penitenci\u00e1ria tr\u00e1s v\u00e1rios desdobramentos ao processo de execu\u00e7\u00e3o dos repasses do &#8220;Fundo a Fundo&#8221;. <\/p>\n<p>Na ocasi\u00e3o, o Presidente do SINSPEB ressaltou que os agentes penitenci\u00e1rios est\u00e3o realizando as escoltas de cust\u00f3dia sem a seguran\u00e7a necess\u00e1ria. O dirigente sindical lembrou que a inspe\u00e7\u00e3o realizada pela equipe da Coordenadoria-Geral de Gest\u00e3o de Instrumentos e de Repasse (CGGIR), em 2017, resultou na devolu\u00e7\u00e3o do recurso do conv\u00eanio firmado, em 2012,  entre o Departamento Penitenci\u00e1rio Nacional (DEPEN) e a Secretaria de Administra\u00e7\u00e3o e Ressocializa\u00e7\u00e3o da Bahia( SEAP). <\/p>\n<p>A Coordenadora-Geral, Liliane Barbosa, garantiu aos diretores do SINSPEB que ser\u00e1 realizada uma monitora\u00e7\u00e3o para averiguar a aplica\u00e7\u00e3o dos recursos da modalidade &#8220;Fundo a Fundo&#8221; com foco na Escola Penitenci\u00e1ria. <\/p>\n<p>A reuni\u00e3o contou, tamb\u00e9m, com as presen\u00e7as dos Agentes Federais de Execu\u00e7\u00e3o Penal, Allyson Akin e Sidney Santos, e do diretor do Sindicato dos Funcion\u00e1rios do Sistema Prisional do Estado de S\u00e3o Paulo (SIFUSPESP), Alencalo Fernet. <\/p>\n<p>Ascom &#8211; SINSPEB<\/p>\n","protected":false},"excerpt":{"rendered":"<p>Em reuni\u00e3o com a Diretoria de Pol\u00edticas Penitenci\u00e1rias, SINSPEB denuncia quadro de precariedade do sistema prisional baiano O Presidente do<\/p>\n","protected":false},"author":1,"featured_media":0,"comment_status":"open","ping_status":"open","sticky":false,"template":"","format":"standard","meta":{"colormag_page_container_layout":"default_layout","colormag_page_sidebar_layout":"default_layout","footnotes":""},"categories":[1],"tags":[],"class_list":["post-449","post","type-post","status-publish","format-standard","hentry","category-noticias"],"_links":{"self":[{"href":"https:\/\/sinspeb.org.br\/index.php?rest_route=\/wp\/v2\/posts\/449","targetHints":{"allow":["GET"]}}],"collection":[{"href":"https:\/\/sinspeb.org.br\/index.php?rest_route=\/wp\/v2\/posts"}],"about":[{"href":"https:\/\/sinspeb.org.br\/index.php?rest_route=\/wp\/v2\/types\/post"}],"author":[{"embeddable":true,"href":"https:\/\/sinspeb.org.br\/index.php?rest_route=\/wp\/v2\/users\/1"}],"replies":[{"embeddable":true,"href":"https:\/\/sinspeb.org.br\/index.php?rest_route=%2Fwp%2Fv2%2Fcomments&post=449"}],"version-history":[{"count":3,"href":"https:\/\/sinspeb.org.br\/index.php?rest_route=\/wp\/v2\/posts\/449\/revisions"}],"predecessor-version":[{"id":453,"href":"https:\/\/sinspeb.org.br\/index.php?rest_route=\/wp\/v2\/posts\/449\/revisions\/453"}],"wp:attachment":[{"href":"https:\/\/sinspeb.org.br\/index.php?rest_route=%2Fwp%2Fv2%2Fmedia&parent=449"}],"wp:term":[{"taxonomy":"category","embeddable":true,"href":"https:\/\/sinspeb.org.br\/index.php?rest_route=%2Fwp%2Fv2%2Fcategories&post=449"},{"taxonomy":"post_tag","embeddable":true,"href":"https:\/\/sinspeb.org.br\/index.php?rest_route=%2Fwp%2Fv2%2Ftags&post=449"}],"curies":[{"name":"wp","href":"https:\/\/api.w.org\/{rel}","templated":true}]}}