{"id":457,"date":"2019-10-17T12:25:45","date_gmt":"2019-10-17T15:25:45","guid":{"rendered":"http:\/\/sinspeb.org.br\/?p=457"},"modified":"2019-10-18T13:47:58","modified_gmt":"2019-10-18T16:47:58","slug":"agente-penitenciario-escreve-poema-em-comemoracao-a-aprovacao-da-pec-372-2017-que-vai-criar-a-policia-penal-no-brasil","status":"publish","type":"post","link":"https:\/\/sinspeb.org.br\/?p=457","title":{"rendered":"Agente Penitenci\u00e1rio escreve poema em comemora\u00e7\u00e3o \u00e0 aprova\u00e7\u00e3o da PEC 372\/2017 que vai criar a Pol\u00edcia Penal"},"content":{"rendered":"<p>Agente Penitenci\u00e1rio escreve poema em comemora\u00e7\u00e3o \u00e0 aprova\u00e7\u00e3o da PEC 372\/2017 que vai criar a Pol\u00edcia Penal<\/p>\n<p>O servidor \u00e9 autor de diversos  poemas que discorrem sobre o  &#8220;sofrimento no c\u00e1rcere&#8221;<\/p>\n<p><img fetchpriority=\"high\" decoding=\"async\" src=\"http:\/\/sinspeb.org.br\/wp-content\/uploads\/2019\/10\/Card-Elisi\u00e1rio-300x300.png\" alt=\"\" width=\"300\" height=\"300\" class=\"aligncenter size-medium wp-image-458\" srcset=\"https:\/\/sinspeb.org.br\/wp-content\/uploads\/2019\/10\/Card-Elisi\u00e1rio-300x300.png 300w, https:\/\/sinspeb.org.br\/wp-content\/uploads\/2019\/10\/Card-Elisi\u00e1rio-150x150.png 150w, https:\/\/sinspeb.org.br\/wp-content\/uploads\/2019\/10\/Card-Elisi\u00e1rio-768x768.png 768w, https:\/\/sinspeb.org.br\/wp-content\/uploads\/2019\/10\/Card-Elisi\u00e1rio.png 1024w\" sizes=\"(max-width: 300px) 100vw, 300px\" \/><\/p>\n<p>Nosso homenageado do quadro Banco de Talentos, desta quinta-feira(17\/10), \u00e9 o Agente Penitenci\u00e1rio Elisi\u00e1rio Xavier Neto, 41 anos, especialista em &#8220;Gest\u00e3o Prisional&#8221;, bacharel e licenciado em Educa\u00e7\u00e3o F\u00edsica. O servidor  passou no concurso p\u00fablico de 2014 e foi nomeado em 2016. O Agente Penitenci\u00e1rio destaca que o SINSPEB exerceu papel de protagonismo na luta pela nomea\u00e7\u00e3o dos aprovados no certame. &#8220;O sindicato fez v\u00e1rias mobiliza\u00e7\u00f5es em prol da nomea\u00e7\u00e3o, inclusive, ficou mais de seis meses acampado na ALBA para pressionar o Governo. O sindicato batalhou em nossa defesa!&#8221;, pontua o servidor, ao ressaltar a import\u00e2ncia do SINSPEB \u00e0s categorias que trabalham no sistema prisional baiano.<\/p>\n<p><img decoding=\"async\" src=\"http:\/\/sinspeb.org.br\/wp-content\/uploads\/2019\/10\/DFDFDF.png\" alt=\"\" width=\"371\" height=\"516\" class=\"aligncenter size-full wp-image-465\" srcset=\"https:\/\/sinspeb.org.br\/wp-content\/uploads\/2019\/10\/DFDFDF.png 371w, https:\/\/sinspeb.org.br\/wp-content\/uploads\/2019\/10\/DFDFDF-216x300.png 216w\" sizes=\"(max-width: 371px) 100vw, 371px\" \/><\/p>\n<p> Membro da Academia de Cultura da Bahia, Elisi\u00e1rio Xavier Neto \u00e9 autor de mais de 550 poemas que discorrem sobre quest\u00f5es ligadas ao sistema prisional, ao &#8220;sofrimento no c\u00e1rcere&#8221;, e \u00e0s diversas doen\u00e7as adquiridas pelos presos mas, sobretudo, pelos Agentes Penitenci\u00e1rios que na maioria das vezes passa mais de trinta anos neste ambiente de perigo e hostilidade, desenvolvendo patologias, tais como: S\u00edndrome do P\u00e2nico e Depress\u00e3o que, em seus casos mais graves, podem ocorrer at\u00e9 mesmo suic\u00eddio. &#8221; O Agente Penitenci\u00e1rio \u00e9 a segunda profiss\u00e3o mais perigosa do mundo&#8221;, salienta Elisi\u00e1rio, ao destacar que o servidor \u00e9 a maior v\u00edtima das enfermidades, &#8220;pois precisa conviver ao longo da vida com o c\u00e1rcere&#8221;. <\/p>\n<p>Nosso talento da semana explica que os poemas fazem uma reflex\u00e3o, tamb\u00e9m, sobre  quest\u00f5es raciais e de classe social devido ao perfil da maioria dos presidi\u00e1rios brasileiros: negros e oriundos da periferia do pa\u00eds. <\/p>\n<p>O Agente Penitenci\u00e1rio salienta que muitos presidi\u00e1rios entraram para o mundo do crime devido \u00e0 aus\u00eancia do Estado que n\u00e3o proporciona condi\u00e7\u00f5es m\u00ednimas de sobreviv\u00eancia e acesso aos direitos sociais como educa\u00e7\u00e3o, sa\u00fade, trabalho e moradia. <\/p>\n<p>&#8220;O crime, de uma certa forma,  \u00e9 uma resposta a esse  sistema de opress\u00e3o. S\u00e3o pessoas que, desde o per\u00edodo de crian\u00e7a, sofrem preconceito racial, inclusive, na pr\u00f3pria escola onde s\u00e3o alvos de chacotas, de apelidos pejorativos, de bullying e esse processo acaba afetando a autoestima e a autoaceita\u00e7\u00e3o dessas pessoas. &#8220;Ent\u00e3o, infelizmente, muitos tornam-se adultos revoltados e perdem a no\u00e7\u00e3o de valores&#8221;, lamenta o Agente Penitenci\u00e1rio.<\/p>\n<figure id=\"attachment_462\" aria-describedby=\"caption-attachment-462\" style=\"width: 300px\" class=\"wp-caption aligncenter\"><img decoding=\"async\" src=\"http:\/\/sinspeb.org.br\/wp-content\/uploads\/2019\/10\/20191017_113117_0000-300x300.png\" alt=\"\" width=\"300\" height=\"300\" class=\"size-medium wp-image-462\" srcset=\"https:\/\/sinspeb.org.br\/wp-content\/uploads\/2019\/10\/20191017_113117_0000-300x300.png 300w, https:\/\/sinspeb.org.br\/wp-content\/uploads\/2019\/10\/20191017_113117_0000-150x150.png 150w, https:\/\/sinspeb.org.br\/wp-content\/uploads\/2019\/10\/20191017_113117_0000-768x768.png 768w, https:\/\/sinspeb.org.br\/wp-content\/uploads\/2019\/10\/20191017_113117_0000-1024x1024.png 1024w, https:\/\/sinspeb.org.br\/wp-content\/uploads\/2019\/10\/20191017_113117_0000.png 1080w\" sizes=\"(max-width: 300px) 100vw, 300px\" \/><figcaption id=\"caption-attachment-462\" class=\"wp-caption-text\">POEMA POETEIRO CARCEREIRO<\/figcaption><\/figure>\n<p>O servidor pontua que o &#8220;erro&#8221; n\u00e3o deve ser justificado, mas devemos levar em considera\u00e7\u00e3o que um indiv\u00edduo o qual n\u00e3o passou por um processo de educa\u00e7\u00e3o familiar, fica mais vulner\u00e1vel  a ingressar no mundo do crime. &#8220;\u00c0s vezes n\u00f3s achamos que os presidi\u00e1rios entraram na marginalidade porque quiseram, por livre e espont\u00e2nea vontade. Mas, na verdade, o sistema faz com que o crime seja necess\u00e1rio. E essas pessoas, desde o per\u00edodo da inf\u00e2ncia, s\u00e3o empurradas a estarem na marginalidade devido \u00e0 aus\u00eancia do pr\u00f3prio Estado&#8221;, argumenta o Agente Penitenci\u00e1rio.<\/p>\n<figure id=\"attachment_463\" aria-describedby=\"caption-attachment-463\" style=\"width: 300px\" class=\"wp-caption aligncenter\"><img loading=\"lazy\" decoding=\"async\" src=\"http:\/\/sinspeb.org.br\/wp-content\/uploads\/2019\/10\/20191017_120843_0000-300x300.png\" alt=\"\" width=\"300\" height=\"300\" class=\"size-medium wp-image-463\" srcset=\"https:\/\/sinspeb.org.br\/wp-content\/uploads\/2019\/10\/20191017_120843_0000-300x300.png 300w, https:\/\/sinspeb.org.br\/wp-content\/uploads\/2019\/10\/20191017_120843_0000-150x150.png 150w, https:\/\/sinspeb.org.br\/wp-content\/uploads\/2019\/10\/20191017_120843_0000-768x768.png 768w, https:\/\/sinspeb.org.br\/wp-content\/uploads\/2019\/10\/20191017_120843_0000-1024x1024.png 1024w, https:\/\/sinspeb.org.br\/wp-content\/uploads\/2019\/10\/20191017_120843_0000.png 1080w\" sizes=\"(max-width: 300px) 100vw, 300px\" \/><figcaption id=\"caption-attachment-463\" class=\"wp-caption-text\">POEMA MAR DA DEPRESS\u00c3O<\/figcaption><\/figure>\n<p> O poeta Elisi\u00e1rio Xavier  frisa a import\u00e2ncia de uma base familiar s\u00f3lida que transmita &#8221; bons valores&#8221;.  &#8221; N\u00e3o justifica, mas \u00e9 muito dif\u00edcil uma pessoa n\u00e3o possuir uma fam\u00edlia estruturada. Eu fui criado em um ambiente familiar pobre, passei muita fome, mas  tive uma fam\u00edlia que me cobrava valores e me dava exemplos desses valores. Uma fam\u00edlia que me dizia todos os dias que, mesmo diante da dificuldade, eu n\u00e3o podia  fazer nada de errado. Ent\u00e3o,  tive uma base familiar que me ajudou a n\u00e3o ser mais uma v\u00edtima desse sistema perverso que empurra, principalmente, pessoas pobres e negras ao crime&#8221;, reflete o servidor,  ao frisar que, &#8220;antes de pensarmos em Reforma da Previd\u00eancia e Tribut\u00e1ria, precisamos de uma reforma moral no pa\u00eds&#8221;.<\/p>\n<div style=\"width: 406px;\" class=\"wp-video\"><!--[if lt IE 9]><script>document.createElement('video');<\/script><![endif]-->\n<video class=\"wp-video-shortcode\" id=\"video-457-1\" width=\"406\" height=\"720\" preload=\"metadata\" controls=\"controls\"><source type=\"video\/mp4\" src=\"http:\/\/sinspeb.org.br\/wp-content\/uploads\/2019\/10\/VID-20191008-WA0017-1.mp4?_=1\" \/><a href=\"http:\/\/sinspeb.org.br\/wp-content\/uploads\/2019\/10\/VID-20191008-WA0017-1.mp4\">http:\/\/sinspeb.org.br\/wp-content\/uploads\/2019\/10\/VID-20191008-WA0017-1.mp4<\/a><\/video><\/div>\n<p>Nosso  servidor que faz a diferen\u00e7a publica poemas na revista da Academia de Cultura da Bahia e em redes sociais. O servidor \u00e9 divorciado, pai de duas meninas e de um rapaz, e tem como principais hobbies : escrever  as poesias, jogar futebol, assistir filmes, viajar e curtir momentos com a fam\u00edlia. <\/p>\n<p>Ascom SINSPEB<\/p>\n","protected":false},"excerpt":{"rendered":"<p>Agente Penitenci\u00e1rio escreve poema em comemora\u00e7\u00e3o \u00e0 aprova\u00e7\u00e3o da PEC 372\/2017 que vai criar a Pol\u00edcia Penal O servidor \u00e9<\/p>\n","protected":false},"author":1,"featured_media":0,"comment_status":"open","ping_status":"open","sticky":false,"template":"","format":"standard","meta":{"colormag_page_container_layout":"default_layout","colormag_page_sidebar_layout":"default_layout","footnotes":""},"categories":[1],"tags":[],"class_list":["post-457","post","type-post","status-publish","format-standard","hentry","category-noticias"],"_links":{"self":[{"href":"https:\/\/sinspeb.org.br\/index.php?rest_route=\/wp\/v2\/posts\/457","targetHints":{"allow":["GET"]}}],"collection":[{"href":"https:\/\/sinspeb.org.br\/index.php?rest_route=\/wp\/v2\/posts"}],"about":[{"href":"https:\/\/sinspeb.org.br\/index.php?rest_route=\/wp\/v2\/types\/post"}],"author":[{"embeddable":true,"href":"https:\/\/sinspeb.org.br\/index.php?rest_route=\/wp\/v2\/users\/1"}],"replies":[{"embeddable":true,"href":"https:\/\/sinspeb.org.br\/index.php?rest_route=%2Fwp%2Fv2%2Fcomments&post=457"}],"version-history":[{"count":6,"href":"https:\/\/sinspeb.org.br\/index.php?rest_route=\/wp\/v2\/posts\/457\/revisions"}],"predecessor-version":[{"id":472,"href":"https:\/\/sinspeb.org.br\/index.php?rest_route=\/wp\/v2\/posts\/457\/revisions\/472"}],"wp:attachment":[{"href":"https:\/\/sinspeb.org.br\/index.php?rest_route=%2Fwp%2Fv2%2Fmedia&parent=457"}],"wp:term":[{"taxonomy":"category","embeddable":true,"href":"https:\/\/sinspeb.org.br\/index.php?rest_route=%2Fwp%2Fv2%2Fcategories&post=457"},{"taxonomy":"post_tag","embeddable":true,"href":"https:\/\/sinspeb.org.br\/index.php?rest_route=%2Fwp%2Fv2%2Ftags&post=457"}],"curies":[{"name":"wp","href":"https:\/\/api.w.org\/{rel}","templated":true}]}}