{"id":473,"date":"2019-10-24T12:24:02","date_gmt":"2019-10-24T14:24:02","guid":{"rendered":"http:\/\/sinspeb.org.br\/?p=473"},"modified":"2019-10-24T12:24:02","modified_gmt":"2019-10-24T14:24:02","slug":"a-coordenacao-geral-do-sinspeb-comunica-que-as-confraternizacoes-de-final-de-ano-que-ocorreriam-na-sede-recreativa-e-nos-polos-do-interior-do-estado-estao-suspensas","status":"publish","type":"post","link":"https:\/\/sinspeb.org.br\/?p=473","title":{"rendered":"A Coordena\u00e7\u00e3o Geral do SINSPEB comunica que, as Confraterniza\u00e7\u00f5es de Final de Ano, que ocorreriam na Sede Recreativa e nos Polos do interior do Estado, est\u00e3o suspensas."},"content":{"rendered":"<p>A Coordena\u00e7\u00e3o Geral do Sindicato dos Servidores Penitenci\u00e1rios do Estado da Bahia (SINSPEB) comunica que, as Confraterniza\u00e7\u00f5es de Final de Ano, que ocorreriam na Sede Recreativa e nos Polos do interior do Estado, est\u00e3o suspensas. <\/p>\n<p>Informamos que esta administra\u00e7\u00e3o do SINSPEB, preocupada com o funcionamento da institui\u00e7\u00e3o, n\u00e3o disp\u00f5e de capital para financiar esse importante evento, situa\u00e7\u00e3o que nos obriga a tomar, inevitavelmente, tal decis\u00e3o.<\/p>\n<p>Dito isso, conv\u00e9m ressaltar que no m\u00eas passado v\u00e1rios servidores foram desfiliados compulsoriamente, outros tiveram as fichas de filia\u00e7\u00e3o encaminhadas e n\u00e3o foram registrados, outros tiveram a cobran\u00e7a de percentual de desconto abaixo de 1% da remunera\u00e7\u00e3o, valor previsto em Estatuto. Conjuntura esta que provocou expressiva queda na receita desta Entidade, sendo a SAEB j\u00e1 notificada para regularizar com a brevidade que o caso requer.<\/p>\n<p>Tamb\u00e9m, em virtude do advento da PEC 372\/2017 \u2013 Policia Penal \u2013 nesses \u00faltimos meses, em que houve sucess\u00f5es de deslocamentos para Bras\u00edlia, muitas vezes em comitiva, para obtermos o sucesso da aprova\u00e7\u00e3o em 1\u00ba Turno na C\u00e2mara, tivemos gastos consider\u00e1veis que corroboram a situa\u00e7\u00e3o supracitada.<\/p>\n<p>Ademais, como sabido e j\u00e1 noticiado, a diretoria do SINSPEB est\u00e1 determinada a dar mais um relevante passo para o fortalecimento desta entidade sindical, a aquisi\u00e7\u00e3o da t\u00e3o sonhada Sede Administrativa, que este ano deixar\u00e1 de ser sonho e tornar-se-\u00e1 realidade. A futura sede administrativa encontra-se, em fase de negocia\u00e7\u00e3o, localizada no mesmo pr\u00e9dio empresarial em que a atual sede funciona, Edif\u00edcio Luc\u00edlio Cobas, por\u00e9m, dois andares acima, no 5\u00ba andar.<\/p>\n<p>Considerando a necessidade de contingenciamento dos recursos, optamos pela suspens\u00e3o das nossas felizes confraterniza\u00e7\u00f5es, que embora tenham import\u00e2ncia para a categoria,  nesse momento requer sua aplica\u00e7\u00e3o na aquisi\u00e7\u00e3o da sede administrativa que ser\u00e1 um outro marco para a entidade. Portanto, noticiamos, a suspens\u00e3o dos referidos eventos.<\/p>\n<p>Contudo, diante do elucidado, contamos com a compreens\u00e3o da categoria e pedimos desculpas pela expectativa que criamos a partir  dos momentos maravilhosos do nosso recente passado.<\/p>\n<p>Por outro lado acreditamos que o momento \u00e9 de alegria pela nova conquista e ressaltamos que, em uma gest\u00e3o, o crescimento patrimonial da entidade tamb\u00e9m representa o nosso fortalecimento.<\/p>\n<p>Parabenizamos todos Servidores Penitenci\u00e1rios pela conquista e ressaltamos o trabalho da Gest\u00e3o Uni\u00e3o, For\u00e7a e Conquistas (UFC).<\/p>\n<p>Sugest\u00e3o de uma Servidora para a possibilitar a confraterniza\u00e7\u00e3o:<\/p>\n<p>Na \u00faltima semana, em dilig\u00eancia na SEAP, ap\u00f3s saber do cancelamento dos eventos, bem como o motivo, uma servidora, feliz pelas raz\u00f5es expostas, mas vislumbrando o momento especial que a festa proporciona especialmente pela iminente aprova\u00e7\u00e3o da PEC 372\/2017 (Pol\u00edcia Penal) sugeriu que, em Salvador, a festa acontecesse e que cada servidor interessado em participar colaborasse com certa quantia e assim a festa seria mantida para Salvador, Sim\u00f5es Filho e Feira de Santana.<\/p>\n<p>Em an\u00e1lise preliminar, a contribui\u00e7\u00e3o ficaria no valor de R$60,00\/pessoa, sendo que desses, R$25,00 refere-se ao custo loca\u00e7\u00e3o de \u00f4nibus, restando R$35,00 para custear a festa.<\/p>\n<p>Havendo interessados, as contribui\u00e7\u00f5es dever\u00e3o ocorrer com maior celeridade, at\u00e9 o dia 01.11.19, para que seja poss\u00edvel organizar o evento.<\/p>\n<p>Ajude a escrever essa hist\u00f3ria, opinem!<\/p>\n<p>Ascom &#8211; SINSPEB<\/p>\n","protected":false},"excerpt":{"rendered":"<p>A Coordena\u00e7\u00e3o Geral do Sindicato dos Servidores Penitenci\u00e1rios do Estado da Bahia (SINSPEB) comunica que, as Confraterniza\u00e7\u00f5es de Final de<\/p>\n","protected":false},"author":1,"featured_media":0,"comment_status":"open","ping_status":"open","sticky":false,"template":"","format":"standard","meta":{"colormag_page_container_layout":"default_layout","colormag_page_sidebar_layout":"default_layout","footnotes":""},"categories":[1],"tags":[],"class_list":["post-473","post","type-post","status-publish","format-standard","hentry","category-noticias"],"_links":{"self":[{"href":"https:\/\/sinspeb.org.br\/index.php?rest_route=\/wp\/v2\/posts\/473","targetHints":{"allow":["GET"]}}],"collection":[{"href":"https:\/\/sinspeb.org.br\/index.php?rest_route=\/wp\/v2\/posts"}],"about":[{"href":"https:\/\/sinspeb.org.br\/index.php?rest_route=\/wp\/v2\/types\/post"}],"author":[{"embeddable":true,"href":"https:\/\/sinspeb.org.br\/index.php?rest_route=\/wp\/v2\/users\/1"}],"replies":[{"embeddable":true,"href":"https:\/\/sinspeb.org.br\/index.php?rest_route=%2Fwp%2Fv2%2Fcomments&post=473"}],"version-history":[{"count":2,"href":"https:\/\/sinspeb.org.br\/index.php?rest_route=\/wp\/v2\/posts\/473\/revisions"}],"predecessor-version":[{"id":475,"href":"https:\/\/sinspeb.org.br\/index.php?rest_route=\/wp\/v2\/posts\/473\/revisions\/475"}],"wp:attachment":[{"href":"https:\/\/sinspeb.org.br\/index.php?rest_route=%2Fwp%2Fv2%2Fmedia&parent=473"}],"wp:term":[{"taxonomy":"category","embeddable":true,"href":"https:\/\/sinspeb.org.br\/index.php?rest_route=%2Fwp%2Fv2%2Fcategories&post=473"},{"taxonomy":"post_tag","embeddable":true,"href":"https:\/\/sinspeb.org.br\/index.php?rest_route=%2Fwp%2Fv2%2Ftags&post=473"}],"curies":[{"name":"wp","href":"https:\/\/api.w.org\/{rel}","templated":true}]}}