{"id":480,"date":"2019-10-31T11:00:20","date_gmt":"2019-10-31T13:00:20","guid":{"rendered":"http:\/\/sinspeb.org.br\/?p=480"},"modified":"2019-10-31T11:16:38","modified_gmt":"2019-10-31T13:16:38","slug":"480","status":"publish","type":"post","link":"https:\/\/sinspeb.org.br\/?p=480","title":{"rendered":"Sindicatos da Seguran\u00e7a P\u00fablica se re\u00fanem com  Minist\u00e9rio P\u00fablico Estadual para cobrar solu\u00e7\u00e3o  ao quadro &#8220;grave&#8221; da cust\u00f3dia de presos da Bahia"},"content":{"rendered":"<p>O d\u00e9ficit de vagas nos sistema  prisional baiano chega a quase  quatro mil, segundo o Sindicato dos Servidores Penitenci\u00e1rios(Sinspeb)<\/p>\n<p>Na tarde desta quarta-feira (30), sindicatos da \u00e1rea de Seguran\u00e7a P\u00fablica se reuniram com o Minist\u00e9rio P\u00fablico Estadual para cobrar uma solu\u00e7\u00e3o aos \u00f3rg\u00e3os p\u00fablicos sobre a cust\u00f3dia de presos no Estado que, de acordo com o presidente do Sindicato dos Servidores Penitenci\u00e1rios (Sinspeb), Reivon Pimentel, &#8220;o d\u00e9ficit de vagas na Bahia chega a quase  quatro mil&#8221; .<\/p>\n<p>O objetivo da reuni\u00e3o com o promotor de justi\u00e7a, Geder Luiz Rocha Gomes, foi  discutir a quantidade de presos que est\u00e3o sendo custodiados nas delegacias do Estado. De acordo com o Sindicato dos Policiais Civis (Sindpoc), na Bahia, cerca de 1.700 presos est\u00e3o sendo custodiados nas unidades da Pol\u00edcia Civil.<\/p>\n<p><img fetchpriority=\"high\" decoding=\"async\" src=\"http:\/\/sinspeb.org.br\/wp-content\/uploads\/2019\/10\/IMG-20191031-WA0001-1024x513.jpg\" alt=\"\" width=\"750\" height=\"376\" class=\"aligncenter size-large wp-image-481\" srcset=\"https:\/\/sinspeb.org.br\/wp-content\/uploads\/2019\/10\/IMG-20191031-WA0001-1024x513.jpg 1024w, https:\/\/sinspeb.org.br\/wp-content\/uploads\/2019\/10\/IMG-20191031-WA0001-300x150.jpg 300w, https:\/\/sinspeb.org.br\/wp-content\/uploads\/2019\/10\/IMG-20191031-WA0001-768x385.jpg 768w, https:\/\/sinspeb.org.br\/wp-content\/uploads\/2019\/10\/IMG-20191031-WA0001.jpg 1280w\" sizes=\"(max-width: 750px) 100vw, 750px\" \/><\/p>\n<p>Segundo o Sinspeb, cerca de 45 milh\u00f5es  do Departamento Penitenci\u00e1rio Nacional (Depen) deveriam ter sido destinados \u00e0 constru\u00e7\u00e3o de unidares prisionais na Bahia, incluindo, cadeias p\u00fablicas e estabelecimentos destinados \u00e0 cust\u00f3dia de presos provis\u00f3rios. O presidente do Sinspeb, Reivon Pimentel, ressalta que n\u00e3o existe &#8221; vontade pol\u00edtica&#8221; do Governo para investir no sistema prisional. &#8221; Embora o Secret\u00e1rio diga que, na Bahia, n\u00f3s temos uma vaga para cada preso, isso n\u00e3o reflete a realidade.Ele est\u00e1 contando unidades que n\u00e3o foram inauguradas, vagas que est\u00e3o interditadas, como \u00e9 o caso da Ala C da Unidade Especial Disciplinar (UED), em Salvador, que est\u00e1 interditada h\u00e1 mais de um ano,  m\u00f3dulos do Conjunto Penal de Ilhe\u00fas, m\u00f3dulo do Conjunto Penal de Paulo Afonso e as 387 vagas ociosas do conjunto penal de Serrinha, que ap\u00f3s mudan\u00e7a do provimento, passou a ser uma unidade destinada ao Regime Disciplinar Diferenciado, abrigando hoje, apenas 89 apenados, entre outros&#8221;, protesta o presidente do Sinspeb.<\/p>\n<p>Reivon Pimentel informou ao procurador que entende ser compet\u00eancia do Agente Penitenci\u00e1rio a cust\u00f3dia dos presos que est\u00e3o nas delegacias, mas salientou que, na atual conjuntura, \u00e9 imposs\u00edvel para o sistema prisional absorver essa massa carcer\u00e1ria. O efetivo de Agentes na cust\u00f3dia est\u00e1 muito aqu\u00e9m do m\u00ednimo necess\u00e1rio, al\u00e9m disso, h\u00e1 o problema da superlota\u00e7\u00e3o das unidades prisionais&#8221;, enfatizou.<\/p>\n<p><img decoding=\"async\" src=\"http:\/\/sinspeb.org.br\/wp-content\/uploads\/2019\/10\/IMG-20191031-WA0003-768x1024.jpg\" alt=\"\" width=\"750\" height=\"1000\" class=\"aligncenter size-large wp-image-484\" srcset=\"https:\/\/sinspeb.org.br\/wp-content\/uploads\/2019\/10\/IMG-20191031-WA0003-768x1024.jpg 768w, https:\/\/sinspeb.org.br\/wp-content\/uploads\/2019\/10\/IMG-20191031-WA0003-225x300.jpg 225w, https:\/\/sinspeb.org.br\/wp-content\/uploads\/2019\/10\/IMG-20191031-WA0003.jpg 960w\" sizes=\"(max-width: 750px) 100vw, 750px\" \/><\/p>\n<p>O presidente do Sindpoc, Eust\u00e1cio Lopes, salienta que a fun\u00e7\u00e3o do investigador da Policia C\u00edvil \u00e9 investigar e n\u00e3o &#8220;tomar conta&#8221; dos presos nas delegacias. &#8220;Colocam os policiais civis e os guardas municipais em total desvio de fun\u00e7\u00e3o. Devido \u00e0 falta de efetivo, as prefeituras acabam cedendo os funcion\u00e1rios do munic\u00edpio \u00e0s delegacias&#8221;, critica o presidente do Sindpoc.<\/p>\n<p>Nesta segunda-feira (28), uma delegacia de Pau Brasil, localizada no Sul da Bahia, foi invadida por uma fac\u00e7\u00e3o que resgatou um traficante que estava sendo custodiado na unidade. Durante a a\u00e7\u00e3o dos criminosos, um guarda municipal, que estava de plant\u00e3o, foi alvejado.  &#8220;Temos cidades como Pau Brasil que quem faz a cust\u00f3dia dos presos s\u00e3o os guardas municipais e existem aberra\u00e7\u00f5es piores ainda onde a cust\u00f3dia \u00e9 feita por funcion\u00e1rios da Prefeitura, muitas vezes, apenas nomeados, sem serem concursados&#8221;, denuncia Reivon Pimentel.<\/p>\n<p>Na ocasi\u00e3o, o promotor se comprometeu a fazer um levantamento sobre a situa\u00e7\u00e3o da cust\u00f3dia nas cidades onde tem promotores em atua\u00e7\u00e3o e foi entregue um of\u00edcio ao Procurador com um breve diagn\u00f3stico da cust\u00f3dia baiana.<\/p>\n<p>Estiveram presentes na reuni\u00e3o os presidentes do Sinspeb e Sindpoc, Reivon Pimentel e Eust\u00e1cio Lopes, o presidente do Sindicato dos Guardas Municipais Civis (Sindguardas), Pedro de Oliveira, o assessor jur\u00eddico da Pastoral Carcer\u00e1ria Bahia e Sergipe, Davi Pedreira, Irm\u00e3 Maria de F\u00e1tima e Padre Philippe Dominique, representantes da Pastoral Carcer\u00e1ria de Salvador.<\/p>\n<p>Ascom Sinspeb<\/p>\n<p><img decoding=\"async\" src=\"http:\/\/sinspeb.org.br\/wp-content\/uploads\/2019\/10\/IMG-20191031-WA0004-768x1024.jpg\" alt=\"\" width=\"750\" height=\"1000\" class=\"aligncenter size-large wp-image-482\" srcset=\"https:\/\/sinspeb.org.br\/wp-content\/uploads\/2019\/10\/IMG-20191031-WA0004-768x1024.jpg 768w, https:\/\/sinspeb.org.br\/wp-content\/uploads\/2019\/10\/IMG-20191031-WA0004-225x300.jpg 225w, https:\/\/sinspeb.org.br\/wp-content\/uploads\/2019\/10\/IMG-20191031-WA0004.jpg 960w\" sizes=\"(max-width: 750px) 100vw, 750px\" \/><\/p>\n<p><img loading=\"lazy\" decoding=\"async\" src=\"http:\/\/sinspeb.org.br\/wp-content\/uploads\/2019\/10\/IMG-20191031-WA0002-1024x768.jpg\" alt=\"\" width=\"750\" height=\"563\" class=\"aligncenter size-large wp-image-483\" srcset=\"https:\/\/sinspeb.org.br\/wp-content\/uploads\/2019\/10\/IMG-20191031-WA0002-1024x768.jpg 1024w, https:\/\/sinspeb.org.br\/wp-content\/uploads\/2019\/10\/IMG-20191031-WA0002-300x225.jpg 300w, https:\/\/sinspeb.org.br\/wp-content\/uploads\/2019\/10\/IMG-20191031-WA0002-768x576.jpg 768w, https:\/\/sinspeb.org.br\/wp-content\/uploads\/2019\/10\/IMG-20191031-WA0002.jpg 1280w\" sizes=\"(max-width: 750px) 100vw, 750px\" \/><\/p>\n<p><img loading=\"lazy\" decoding=\"async\" src=\"http:\/\/sinspeb.org.br\/wp-content\/uploads\/2019\/10\/IMG-20191030-WA0110-1024x768.jpg\" alt=\"\" width=\"750\" height=\"563\" class=\"aligncenter size-large wp-image-487\" srcset=\"https:\/\/sinspeb.org.br\/wp-content\/uploads\/2019\/10\/IMG-20191030-WA0110-1024x768.jpg 1024w, https:\/\/sinspeb.org.br\/wp-content\/uploads\/2019\/10\/IMG-20191030-WA0110-300x225.jpg 300w, https:\/\/sinspeb.org.br\/wp-content\/uploads\/2019\/10\/IMG-20191030-WA0110-768x576.jpg 768w, https:\/\/sinspeb.org.br\/wp-content\/uploads\/2019\/10\/IMG-20191030-WA0110.jpg 1280w\" sizes=\"(max-width: 750px) 100vw, 750px\" \/><\/p>\n","protected":false},"excerpt":{"rendered":"<p>O d\u00e9ficit de vagas nos sistema prisional baiano chega a quase quatro mil, segundo o Sindicato dos Servidores Penitenci\u00e1rios(Sinspeb) Na<\/p>\n","protected":false},"author":1,"featured_media":0,"comment_status":"open","ping_status":"open","sticky":false,"template":"","format":"standard","meta":{"colormag_page_container_layout":"default_layout","colormag_page_sidebar_layout":"default_layout","footnotes":""},"categories":[1],"tags":[],"class_list":["post-480","post","type-post","status-publish","format-standard","hentry","category-noticias"],"_links":{"self":[{"href":"https:\/\/sinspeb.org.br\/index.php?rest_route=\/wp\/v2\/posts\/480","targetHints":{"allow":["GET"]}}],"collection":[{"href":"https:\/\/sinspeb.org.br\/index.php?rest_route=\/wp\/v2\/posts"}],"about":[{"href":"https:\/\/sinspeb.org.br\/index.php?rest_route=\/wp\/v2\/types\/post"}],"author":[{"embeddable":true,"href":"https:\/\/sinspeb.org.br\/index.php?rest_route=\/wp\/v2\/users\/1"}],"replies":[{"embeddable":true,"href":"https:\/\/sinspeb.org.br\/index.php?rest_route=%2Fwp%2Fv2%2Fcomments&post=480"}],"version-history":[{"count":5,"href":"https:\/\/sinspeb.org.br\/index.php?rest_route=\/wp\/v2\/posts\/480\/revisions"}],"predecessor-version":[{"id":489,"href":"https:\/\/sinspeb.org.br\/index.php?rest_route=\/wp\/v2\/posts\/480\/revisions\/489"}],"wp:attachment":[{"href":"https:\/\/sinspeb.org.br\/index.php?rest_route=%2Fwp%2Fv2%2Fmedia&parent=480"}],"wp:term":[{"taxonomy":"category","embeddable":true,"href":"https:\/\/sinspeb.org.br\/index.php?rest_route=%2Fwp%2Fv2%2Fcategories&post=480"},{"taxonomy":"post_tag","embeddable":true,"href":"https:\/\/sinspeb.org.br\/index.php?rest_route=%2Fwp%2Fv2%2Ftags&post=480"}],"curies":[{"name":"wp","href":"https:\/\/api.w.org\/{rel}","templated":true}]}}