{"id":491,"date":"2019-11-05T17:43:04","date_gmt":"2019-11-05T19:43:04","guid":{"rendered":"http:\/\/sinspeb.org.br\/?p=491"},"modified":"2019-11-05T17:43:04","modified_gmt":"2019-11-05T19:43:04","slug":"o-presidente-do-sindicato-dos-servidores-penitenciarios-do-estado-da-bahia-sinspeb-reivon-pimentel-convoca-toda-a-categoria-para-participar-do-seminario-sistema-prisional-em-pauta","status":"publish","type":"post","link":"https:\/\/sinspeb.org.br\/?p=491","title":{"rendered":"O Presidente do Sindicato dos Servidores Penitenci\u00e1rios do Estado da Bahia &#8211; SINSPEB, Reivon Pimentel, convoca toda a categoria para participar do Semin\u00e1rio Sistema Prisional em Pauta"},"content":{"rendered":"<p>*CONVOCA\u00c7\u00c3O*  <\/p>\n<p><img fetchpriority=\"high\" decoding=\"async\" src=\"http:\/\/sinspeb.org.br\/wp-content\/uploads\/2019\/11\/Screenshot_20191105-1630392.png\" alt=\"\" width=\"1011\" height=\"535\" class=\"aligncenter size-full wp-image-493\" srcset=\"https:\/\/sinspeb.org.br\/wp-content\/uploads\/2019\/11\/Screenshot_20191105-1630392.png 1011w, https:\/\/sinspeb.org.br\/wp-content\/uploads\/2019\/11\/Screenshot_20191105-1630392-300x159.png 300w, https:\/\/sinspeb.org.br\/wp-content\/uploads\/2019\/11\/Screenshot_20191105-1630392-768x406.png 768w\" sizes=\"(max-width: 1011px) 100vw, 1011px\" \/><\/p>\n<p>O Presidente do Sindicato dos Servidores Penitenci\u00e1rios do Estado da Bahia &#8211; SINSPEB, Reivon Pimentel, convoca toda a categoria para participar do Semin\u00e1rio Sistema Prisional em Pauta, que tem o objetivo de Debater sobre a Gest\u00e3o do Sistema Prisional e a Implanta\u00e7\u00e3o da APAC &#8211; Associa\u00e7\u00e3o de Prote\u00e7\u00e3o e Assist\u00eancia aos Condenados.<\/p>\n<p>O objetivo da APAC \u00e9 promover a humaniza\u00e7\u00e3o das pris\u00f5es, sem perder de vista a finalidade punitiva da pena. Seu prop\u00f3sito \u00e9 evitar a reincid\u00eancia no crime e oferecer alternativas para o condenado se recuperar.<\/p>\n<p>O evento ser\u00e1 realizado no dia 11 de novembro, no Audit\u00f3rio Afonso Garcia Tinoco, sede do MPBA,  no Centro Administrativo da Bahia &#8211; CAB.<\/p>\n<p>Participem!<br \/>\nVamos debater as tem\u00e1ticas propostas e fazermos o nosso contraponto.<\/p>\n<p>Inscri\u00e7\u00f5es: \ud83d\udc49\ud83c\udffchttp:\/\/bit.ly\/34zglBy<\/p>\n<p>Ascom &#8211; SINSPEB<\/p>\n","protected":false},"excerpt":{"rendered":"<p>*CONVOCA\u00c7\u00c3O* O Presidente do Sindicato dos Servidores Penitenci\u00e1rios do Estado da Bahia &#8211; SINSPEB, Reivon Pimentel, convoca toda a categoria<\/p>\n","protected":false},"author":1,"featured_media":0,"comment_status":"open","ping_status":"open","sticky":false,"template":"","format":"standard","meta":{"colormag_page_container_layout":"default_layout","colormag_page_sidebar_layout":"default_layout","footnotes":""},"categories":[1],"tags":[],"class_list":["post-491","post","type-post","status-publish","format-standard","hentry","category-noticias"],"_links":{"self":[{"href":"https:\/\/sinspeb.org.br\/index.php?rest_route=\/wp\/v2\/posts\/491","targetHints":{"allow":["GET"]}}],"collection":[{"href":"https:\/\/sinspeb.org.br\/index.php?rest_route=\/wp\/v2\/posts"}],"about":[{"href":"https:\/\/sinspeb.org.br\/index.php?rest_route=\/wp\/v2\/types\/post"}],"author":[{"embeddable":true,"href":"https:\/\/sinspeb.org.br\/index.php?rest_route=\/wp\/v2\/users\/1"}],"replies":[{"embeddable":true,"href":"https:\/\/sinspeb.org.br\/index.php?rest_route=%2Fwp%2Fv2%2Fcomments&post=491"}],"version-history":[{"count":2,"href":"https:\/\/sinspeb.org.br\/index.php?rest_route=\/wp\/v2\/posts\/491\/revisions"}],"predecessor-version":[{"id":494,"href":"https:\/\/sinspeb.org.br\/index.php?rest_route=\/wp\/v2\/posts\/491\/revisions\/494"}],"wp:attachment":[{"href":"https:\/\/sinspeb.org.br\/index.php?rest_route=%2Fwp%2Fv2%2Fmedia&parent=491"}],"wp:term":[{"taxonomy":"category","embeddable":true,"href":"https:\/\/sinspeb.org.br\/index.php?rest_route=%2Fwp%2Fv2%2Fcategories&post=491"},{"taxonomy":"post_tag","embeddable":true,"href":"https:\/\/sinspeb.org.br\/index.php?rest_route=%2Fwp%2Fv2%2Ftags&post=491"}],"curies":[{"name":"wp","href":"https:\/\/api.w.org\/{rel}","templated":true}]}}