{"id":495,"date":"2019-11-07T17:22:00","date_gmt":"2019-11-07T19:22:00","guid":{"rendered":"http:\/\/sinspeb.org.br\/?p=495"},"modified":"2019-11-07T17:22:00","modified_gmt":"2019-11-07T19:22:00","slug":"camara-dos-deputados-aprova-em-2-turno-pec-372-2017-que-cria-a-policia-penal-brasileira","status":"publish","type":"post","link":"https:\/\/sinspeb.org.br\/?p=495","title":{"rendered":"C\u00e2mara dos Deputados aprova em 2\u00b0 turno PEC 372\/2017 que  cria a Pol\u00edcia Penal brasileira"},"content":{"rendered":"<p>C\u00e2mara dos Deputados aprova em 2\u00b0 turno PEC 372\/2017 que  cria a Pol\u00edcia Penal brasileira<\/p>\n<p><img fetchpriority=\"high\" decoding=\"async\" src=\"http:\/\/sinspeb.org.br\/wp-content\/uploads\/2019\/11\/IMG-20191107-WA0034.jpg\" alt=\"\" width=\"768\" height=\"512\" class=\"aligncenter size-full wp-image-496\" srcset=\"https:\/\/sinspeb.org.br\/wp-content\/uploads\/2019\/11\/IMG-20191107-WA0034.jpg 768w, https:\/\/sinspeb.org.br\/wp-content\/uploads\/2019\/11\/IMG-20191107-WA0034-300x200.jpg 300w, https:\/\/sinspeb.org.br\/wp-content\/uploads\/2019\/11\/IMG-20191107-WA0034-360x240.jpg 360w\" sizes=\"(max-width: 768px) 100vw, 768px\" \/><\/p>\n<p>Servidores ser\u00e3o inclu\u00eddos no texto constitucional dos Artigos 21, 32 e 144 e passar\u00e3o a ser identificados como Agentes de Pol\u00edcia Penal<\/p>\n<p>Na noite desta quarta-feira (6), foi aprovada, em segundo turno, por unanimidade, na C\u00e2mera dos Deputados, a Proposta de Emenda \u00e0 Constitui\u00e7\u00e3o  372\/2017 que vai criar a Pol\u00edcia Penal  Federal, Distrital e Estaduais e trazer diversos benef\u00edcios aos Agentes Penitenci\u00e1rios do pa\u00eds.<\/p>\n<p><img decoding=\"async\" src=\"http:\/\/sinspeb.org.br\/wp-content\/uploads\/2019\/11\/IMG-20191107-WA0038-1024x576.jpg\" alt=\"\" width=\"750\" height=\"422\" class=\"aligncenter size-large wp-image-497\" srcset=\"https:\/\/sinspeb.org.br\/wp-content\/uploads\/2019\/11\/IMG-20191107-WA0038-1024x576.jpg 1024w, https:\/\/sinspeb.org.br\/wp-content\/uploads\/2019\/11\/IMG-20191107-WA0038-300x169.jpg 300w, https:\/\/sinspeb.org.br\/wp-content\/uploads\/2019\/11\/IMG-20191107-WA0038-768x432.jpg 768w, https:\/\/sinspeb.org.br\/wp-content\/uploads\/2019\/11\/IMG-20191107-WA0038.jpg 1280w\" sizes=\"(max-width: 750px) 100vw, 750px\" \/><\/p>\n<p>Para o Presidente do Sindicato dos Servidores Penitenci\u00e1rios(SINSPEB), Reivon Pimentel, a aprova\u00e7\u00e3o da PEC 372\/2017 representa a realiza\u00e7\u00e3o de um sonho  porque a categoria passar\u00e1 a ter o Reconhecimento Constitucional. A PEC ir\u00e1 alterar o inciso XIV do caput do Artigos 21, o par\u00e1grafo 4\u00b0 do Artigo 32 e o Artigo 144 da Constitui\u00e7\u00e3o Brasileira.<\/p>\n<p>Segundo o presidente do Sinspeb, desde 2004, a categoria luta pela mudan\u00e7a e, na \u00e9poca, foi apresentada a PEC 308\/2004 que visava criar a Pol\u00edcia Penal do Brasil. Em 2016, o senador C\u00e1ssio Cunha Lima apresentou uma Proposta de Emenda Constitucional no senado de n\u00famero 14\/16. &#8221; A PEC foi votada e aprovada, por unanimidade, em dois turnos, e recebeu o n\u00famero 372\/17&#8243;, comemora o sindicalista.<\/p>\n<p><img decoding=\"async\" src=\"http:\/\/sinspeb.org.br\/wp-content\/uploads\/2019\/11\/IMG-20191107-WA0041-1024x576.jpg\" alt=\"\" width=\"750\" height=\"422\" class=\"aligncenter size-large wp-image-498\" srcset=\"https:\/\/sinspeb.org.br\/wp-content\/uploads\/2019\/11\/IMG-20191107-WA0041-1024x576.jpg 1024w, https:\/\/sinspeb.org.br\/wp-content\/uploads\/2019\/11\/IMG-20191107-WA0041-300x169.jpg 300w, https:\/\/sinspeb.org.br\/wp-content\/uploads\/2019\/11\/IMG-20191107-WA0041-768x432.jpg 768w, https:\/\/sinspeb.org.br\/wp-content\/uploads\/2019\/11\/IMG-20191107-WA0041.jpg 1280w\" sizes=\"(max-width: 750px) 100vw, 750px\" \/><\/p>\n<p>De acordo com o presidente do Sindicato dos Servidores Penitenci\u00e1rios do Estado da Bahia (Sinspeb), Reivon Pimentel, a mudan\u00e7a trar\u00e1 benef\u00edcios e inclus\u00e3o da categoria nos artigos constitucionais. &#8220;N\u00f3s seremos policiais de fato e de direito, pois estaremos inclusos no texto constitucional dos Artigos 21 e 32 que tratam das pol\u00edcias do Brasil e no art. 144 que trata da Seguran\u00e7a P\u00fablica&#8221;, frisa o presidente.<\/p>\n<p>A partir dessa inclus\u00e3o constitucional, os atuais  Agentes Penitenci\u00e1rios e futuros &#8220;Agentes de Pol\u00edcia Penal&#8221; poder\u00e3o contar com tratamento ison\u00f4mico em rela\u00e7\u00e3o \u00e0s  demais categorias da \u00e1rea de Seguran\u00e7a P\u00fablica, a exemplo da Reforma da Previd\u00eancia.<\/p>\n<p>&#8220;Teremos o direito de usufruir do mesmo tratamento que os demais policiais em rela\u00e7\u00e3o \u00e0s regras da  Aposentadoria Especial e outros pleitos&#8221;, afirma Reivon Pimentel.<\/p>\n<p><img loading=\"lazy\" decoding=\"async\" src=\"http:\/\/sinspeb.org.br\/wp-content\/uploads\/2019\/11\/IMG-20191107-WA0037-1024x1024.jpg\" alt=\"\" width=\"750\" height=\"750\" class=\"aligncenter size-large wp-image-499\" srcset=\"https:\/\/sinspeb.org.br\/wp-content\/uploads\/2019\/11\/IMG-20191107-WA0037-1024x1024.jpg 1024w, https:\/\/sinspeb.org.br\/wp-content\/uploads\/2019\/11\/IMG-20191107-WA0037-150x150.jpg 150w, https:\/\/sinspeb.org.br\/wp-content\/uploads\/2019\/11\/IMG-20191107-WA0037-300x300.jpg 300w, https:\/\/sinspeb.org.br\/wp-content\/uploads\/2019\/11\/IMG-20191107-WA0037-768x768.jpg 768w, https:\/\/sinspeb.org.br\/wp-content\/uploads\/2019\/11\/IMG-20191107-WA0037.jpg 1280w\" sizes=\"(max-width: 750px) 100vw, 750px\" \/><\/p>\n<p>O presidente do Sinspeb agradece o apoio dos senadores, deputados,  representantes sindicais e Agentes Penitenci\u00e1rios que, desde 2000, abra\u00e7aram a causa e travaram uma luta incans\u00e1vel em defesa da Pol\u00edcia Penal do Brasil.<\/p>\n<p>Ascom Sinspeb<\/p>\n","protected":false},"excerpt":{"rendered":"<p>C\u00e2mara dos Deputados aprova em 2\u00b0 turno PEC 372\/2017 que cria a Pol\u00edcia Penal brasileira Servidores ser\u00e3o inclu\u00eddos no texto<\/p>\n","protected":false},"author":1,"featured_media":0,"comment_status":"open","ping_status":"open","sticky":false,"template":"","format":"standard","meta":{"colormag_page_container_layout":"default_layout","colormag_page_sidebar_layout":"default_layout","footnotes":""},"categories":[1],"tags":[],"class_list":["post-495","post","type-post","status-publish","format-standard","hentry","category-noticias"],"_links":{"self":[{"href":"https:\/\/sinspeb.org.br\/index.php?rest_route=\/wp\/v2\/posts\/495","targetHints":{"allow":["GET"]}}],"collection":[{"href":"https:\/\/sinspeb.org.br\/index.php?rest_route=\/wp\/v2\/posts"}],"about":[{"href":"https:\/\/sinspeb.org.br\/index.php?rest_route=\/wp\/v2\/types\/post"}],"author":[{"embeddable":true,"href":"https:\/\/sinspeb.org.br\/index.php?rest_route=\/wp\/v2\/users\/1"}],"replies":[{"embeddable":true,"href":"https:\/\/sinspeb.org.br\/index.php?rest_route=%2Fwp%2Fv2%2Fcomments&post=495"}],"version-history":[{"count":1,"href":"https:\/\/sinspeb.org.br\/index.php?rest_route=\/wp\/v2\/posts\/495\/revisions"}],"predecessor-version":[{"id":500,"href":"https:\/\/sinspeb.org.br\/index.php?rest_route=\/wp\/v2\/posts\/495\/revisions\/500"}],"wp:attachment":[{"href":"https:\/\/sinspeb.org.br\/index.php?rest_route=%2Fwp%2Fv2%2Fmedia&parent=495"}],"wp:term":[{"taxonomy":"category","embeddable":true,"href":"https:\/\/sinspeb.org.br\/index.php?rest_route=%2Fwp%2Fv2%2Fcategories&post=495"},{"taxonomy":"post_tag","embeddable":true,"href":"https:\/\/sinspeb.org.br\/index.php?rest_route=%2Fwp%2Fv2%2Ftags&post=495"}],"curies":[{"name":"wp","href":"https:\/\/api.w.org\/{rel}","templated":true}]}}