{"id":502,"date":"2019-11-12T16:28:08","date_gmt":"2019-11-12T18:28:08","guid":{"rendered":"http:\/\/sinspeb.org.br\/?p=502"},"modified":"2019-11-12T16:28:08","modified_gmt":"2019-11-12T18:28:08","slug":"ministerio-publico-em-parceria-com-faculdades-desenvolve-projetos-para-servidores-penitenciarios","status":"publish","type":"post","link":"https:\/\/sinspeb.org.br\/?p=502","title":{"rendered":"Minist\u00e9rio P\u00fablico em parceria com faculdades desenvolve projetos  para Servidores Penitenci\u00e1rios"},"content":{"rendered":"<p>Minist\u00e9rio P\u00fablico em parceria com faculdades desenvolve projetos  para Servidores Penitenci\u00e1rios<\/p>\n<p>O projeto visa atender, em curto prazo, servidores e familiares nas cl\u00ednicas das universidades<\/p>\n<p><img fetchpriority=\"high\" decoding=\"async\" src=\"http:\/\/sinspeb.org.br\/wp-content\/uploads\/2019\/11\/IMG-20191104-WA0017.jpg\" alt=\"\" width=\"576\" height=\"384\" class=\"aligncenter size-full wp-image-503\" srcset=\"https:\/\/sinspeb.org.br\/wp-content\/uploads\/2019\/11\/IMG-20191104-WA0017.jpg 576w, https:\/\/sinspeb.org.br\/wp-content\/uploads\/2019\/11\/IMG-20191104-WA0017-300x200.jpg 300w, https:\/\/sinspeb.org.br\/wp-content\/uploads\/2019\/11\/IMG-20191104-WA0017-360x240.jpg 360w\" sizes=\"(max-width: 576px) 100vw, 576px\" \/><\/p>\n<p>Idealizado pelo Promotor do Minist\u00e9rio P\u00fablico, Edmundo Reis, o Programa &#8221; A  Academia vai ao C\u00e1rcere&#8221; desenvolve uma s\u00e9rie de a\u00e7\u00f5es destinadas aos Servidores Penitenci\u00e1rios, dentre eles, o projeto &#8220;Agentes de Autotransforma\u00e7\u00e3o&#8221;, que \u00e9 desenvolvido no curso de Psicologia da UNIFACS.<\/p>\n<p>A ideia do projeto surgiu a partir de diagn\u00f3sticos realizados, em 2016, no Sistema Prisional. Durante  pesquisa de campo, os servidores foram ouvidos assim como os m\u00e9dicos e administradores dos pres\u00eddios.<\/p>\n<p> Segundo o Promotor de Justi\u00e7a do Minist\u00e9rio P\u00fablico (MP), Edmundo Reis, n\u00e3o havia tratamento destinado \u00e0 sa\u00fade mental dos trabalhadores do Sistema Prisional.  &#8220;Quando o Servidor percebe que tem um problema, ele tem que por vontade pr\u00f3pria se dirigir \u00e0 rede ou ao Plano de Sa\u00fade, onde a assist\u00eancia n\u00e3o \u00e9 efetiva de imediato&#8221;, destaca o Promotor.<\/p>\n<p>De acordo o Coordenador de Est\u00e1gio do curso de Psicologia da UNIFACS, Diego Solci Toloy, o projeto \u00e9 realizado por estudantes concluintes do curso de Psicologia sob supervis\u00e3o de professores e tem como objetivo acompanhar a sa\u00fade mental dos Servidores Penitenci\u00e1rios. &#8220;O projeto j\u00e1 est\u00e1 sendo efetivado h\u00e1 um ano. Primeiro pedimos para que preencham um formul\u00e1rio dispon\u00edvel na internet para que os alunos tenham acesso a algumas informa\u00e7\u00f5es, depois os alunos entram em contato e o servidor realiza a triagem e,  em seguida, participam das consultas de Psicoterapia&#8221;, explica o coordenador Diego.<\/p>\n<p>O Programa &#8220;Academia vai ao C\u00e1rcere&#8221; tem apoio de diversas institui\u00e7\u00f5es universit\u00e1rias de Salvador e possui projetos nos seguintes eixos: aten\u00e7\u00e3o ao servidor; aten\u00e7\u00e3o ao interno; gest\u00e3o e pol\u00edticas penitenci\u00e1rias; arquitetura e infraestrutura prisional e a\u00e7\u00f5es junto \u00e0s comunidades. <\/p>\n<p>O projeto  &#8220;Agentes de Autotransforma\u00e7\u00e3o&#8221; visa dar um atendimento individualizado nas cl\u00ednicas  universit\u00e1rias da UNIFACS para os servidores e familiares onde o atendimento \u00e9 priorit\u00e1rio.<\/p>\n<p>O presidente do Sinspeb, Reivon Pimentel, parabeniza a iniciativa tomada pelo Minist\u00e9rio P\u00fablico em parceria com institui\u00e7\u00f5es universit\u00e1rias e destaca que os Servidores  Penitenci\u00e1rios representam a segunda profiss\u00e3o mais estressante do mundo.<\/p>\n<p> Segundo o presidente, os  servidores s\u00e3o obrigados a conviver, diariamente, em unidades superlotadas, ambientes insalubres que n\u00e3o possuem &#8220;condi\u00e7\u00f5es dignas&#8221; para a realiza\u00e7\u00e3o da atividade laboral e  que provocam o adoecimento dos trabalhadores.<\/p>\n<p>O sindicalista pontua que a Secretaria de Administra\u00e7\u00e3o Penitenci\u00e1ria e Ressocializa\u00e7\u00e3o do Estado da Bahia (SEAP) n\u00e3o disponibiliza atendimento biopsicossocial. &#8220;Esse projeto \u00e9 extremamente importante para n\u00f3s Servidores Penitenci\u00e1rios da Bahia porque  temos um elevado \u00edndice de alcoolismo, de depress\u00e3o,  todo tipo de doen\u00e7a psicossom\u00e1tica. Somos uma categoria adoecida e o pior de tudo \u00e9 que o servidor acaba n\u00e3o percebendo que est\u00e1 adoecendo&#8221;, denuncia Reivon Pimentel.<\/p>\n<p>Servidores interessados devem entrar em contato com o N\u00facleo de Estudos e Pr\u00e1ticas Psicol\u00f3gicas (NEPPSI) atrav\u00e9s do telefone (71)3271-8119.<\/p>\n<p>Ascom Sinspeb<\/p>\n","protected":false},"excerpt":{"rendered":"<p>Minist\u00e9rio P\u00fablico em parceria com faculdades desenvolve projetos para Servidores Penitenci\u00e1rios O projeto visa atender, em curto prazo, servidores e<\/p>\n","protected":false},"author":1,"featured_media":0,"comment_status":"open","ping_status":"open","sticky":false,"template":"","format":"standard","meta":{"colormag_page_container_layout":"default_layout","colormag_page_sidebar_layout":"default_layout","footnotes":""},"categories":[1],"tags":[],"class_list":["post-502","post","type-post","status-publish","format-standard","hentry","category-noticias"],"_links":{"self":[{"href":"https:\/\/sinspeb.org.br\/index.php?rest_route=\/wp\/v2\/posts\/502","targetHints":{"allow":["GET"]}}],"collection":[{"href":"https:\/\/sinspeb.org.br\/index.php?rest_route=\/wp\/v2\/posts"}],"about":[{"href":"https:\/\/sinspeb.org.br\/index.php?rest_route=\/wp\/v2\/types\/post"}],"author":[{"embeddable":true,"href":"https:\/\/sinspeb.org.br\/index.php?rest_route=\/wp\/v2\/users\/1"}],"replies":[{"embeddable":true,"href":"https:\/\/sinspeb.org.br\/index.php?rest_route=%2Fwp%2Fv2%2Fcomments&post=502"}],"version-history":[{"count":1,"href":"https:\/\/sinspeb.org.br\/index.php?rest_route=\/wp\/v2\/posts\/502\/revisions"}],"predecessor-version":[{"id":504,"href":"https:\/\/sinspeb.org.br\/index.php?rest_route=\/wp\/v2\/posts\/502\/revisions\/504"}],"wp:attachment":[{"href":"https:\/\/sinspeb.org.br\/index.php?rest_route=%2Fwp%2Fv2%2Fmedia&parent=502"}],"wp:term":[{"taxonomy":"category","embeddable":true,"href":"https:\/\/sinspeb.org.br\/index.php?rest_route=%2Fwp%2Fv2%2Fcategories&post=502"},{"taxonomy":"post_tag","embeddable":true,"href":"https:\/\/sinspeb.org.br\/index.php?rest_route=%2Fwp%2Fv2%2Ftags&post=502"}],"curies":[{"name":"wp","href":"https:\/\/api.w.org\/{rel}","templated":true}]}}